{"id":7549,"date":"2021-06-09T14:54:40","date_gmt":"2021-06-09T12:54:40","guid":{"rendered":"http:\/\/culturotheque.fr\/?p=7549"},"modified":"2021-07-04T10:39:21","modified_gmt":"2021-07-04T08:39:21","slug":"le-pied-de-vallajouse","status":"publish","type":"post","link":"https:\/\/culturotheque.fr\/index.php\/2021\/06\/09\/le-pied-de-vallajouse\/","title":{"rendered":"Le pied de Vallajouse"},"content":{"rendered":"<p><a href=\"https:\/\/photos.app.goo.gl\/N82EXq1qfXTRRzf3A\">Voir ici les photos de notre randonn\u00e9e \u00e0 St Bonnet du Gard<\/a><br \/>\n<!--more--><\/p>\n<p style=\"text-align: justify;\">D\u00e9part de St Bonnet du Gard pour rejoindre les Tunnels de Sernhac. Attention, on passe peut-\u00eatre souvent par les Tunnels, c&rsquo;est vrai, mais les si le site est toujours visit\u00e9 car il en vaut la peine et\u00a0 qu&rsquo;il y a toujours des randonneurs qui ne les connaissent pas, les sentiers emprunt\u00e9s sont toujours diff\u00e9rents.<br \/>\nDonc aujourd&rsquo;hui, apr\u00e8s la visite des tunnels on s&rsquo;en ira vers Sernhac pour traverser le village et prendre vers Vallajouse.<br \/>\nLes sentiers sentent bon les gen\u00eats en fleur, les discussions sont chaleureuses, on plaisante beaucoup.<br \/>\nEntre sentiers \u00e9troits et pistes on arrive \u00e0 reprendre le GR qui nous ram\u00e8ne \u00e0 la chapelle fortifi\u00e9e de St Bonnet du Gard.<br \/>\nOn rentre d\u00e9j\u00e0 ?<br \/>\nPetite boucle par la fontaine et&#8230; le caf\u00e9 de la fontaine. Un verre bien frais et une paille, quoi de plus sympathique pour clore une belle rando.<br \/>\n<span style=\"text-decoration: underline;\"><strong>Cotation :<\/strong> <\/span>DJA1 &#8211; 6.4 km &#8211; 150 m d\u00e9nivel\u00e9 &#8211; 5 randonneurs <em>(Ir\u00e8ne, France, Monique, Christian, Mich\u00e8le)<\/em><\/p>\n","protected":false},"excerpt":{"rendered":"<p>Voir ici les photos de notre randonn\u00e9e \u00e0 St Bonnet du Gard<\/p>\n","protected":false},"author":1,"featured_media":7595,"comment_status":"closed","ping_status":"closed","sticky":false,"template":"","format":"standard","meta":{"footnotes":""},"categories":[4],"tags":[],"class_list":["post-7549","post","type-post","status-publish","format-standard","has-post-thumbnail","hentry","category-randonnees"],"_links":{"self":[{"href":"https:\/\/culturotheque.fr\/index.php\/wp-json\/wp\/v2\/posts\/7549","targetHints":{"allow":["GET"]}}],"collection":[{"href":"https:\/\/culturotheque.fr\/index.php\/wp-json\/wp\/v2\/posts"}],"about":[{"href":"https:\/\/culturotheque.fr\/index.php\/wp-json\/wp\/v2\/types\/post"}],"author":[{"embeddable":true,"href":"https:\/\/culturotheque.fr\/index.php\/wp-json\/wp\/v2\/users\/1"}],"replies":[{"embeddable":true,"href":"https:\/\/culturotheque.fr\/index.php\/wp-json\/wp\/v2\/comments?post=7549"}],"version-history":[{"count":6,"href":"https:\/\/culturotheque.fr\/index.php\/wp-json\/wp\/v2\/posts\/7549\/revisions"}],"predecessor-version":[{"id":7614,"href":"https:\/\/culturotheque.fr\/index.php\/wp-json\/wp\/v2\/posts\/7549\/revisions\/7614"}],"wp:featuredmedia":[{"embeddable":true,"href":"https:\/\/culturotheque.fr\/index.php\/wp-json\/wp\/v2\/media\/7595"}],"wp:attachment":[{"href":"https:\/\/culturotheque.fr\/index.php\/wp-json\/wp\/v2\/media?parent=7549"}],"wp:term":[{"taxonomy":"category","embeddable":true,"href":"https:\/\/culturotheque.fr\/index.php\/wp-json\/wp\/v2\/categories?post=7549"},{"taxonomy":"post_tag","embeddable":true,"href":"https:\/\/culturotheque.fr\/index.php\/wp-json\/wp\/v2\/tags?post=7549"}],"curies":[{"name":"wp","href":"https:\/\/api.w.org\/{rel}","templated":true}]}}