{"id":7901,"date":"2021-09-22T19:27:49","date_gmt":"2021-09-22T17:27:49","guid":{"rendered":"https:\/\/culturotheque.fr\/?p=7901"},"modified":"2021-09-22T19:31:35","modified_gmt":"2021-09-22T17:31:35","slug":"les-caunelles","status":"publish","type":"post","link":"https:\/\/culturotheque.fr\/index.php\/2021\/09\/22\/les-caunelles\/","title":{"rendered":"Les Caunelles"},"content":{"rendered":"<p><a href=\"https:\/\/photos.app.goo.gl\/b2NRZgnNxLSHMNma9\">Voir ici les photos de notre randonn\u00e9e \u00e0 Beaucaire.<\/a><br \/>\n<!--more--><\/p>\n<p style=\"text-align: justify;\">Il fait bon cet apr\u00e8s-midi. On d\u00e9cide d\u2019emprunter, d\u2019embl\u00e9e, les bords du Rh\u00f4ne, ce joli chemin cher \u00e0 nos randonneurs du mercredi matin. Les conversations sont tr\u00e8s anim\u00e9es\u2026 le bonheur est \u00e0 chaque pas\u00a0!<br \/>\nOn \u00e9voque la Foire de Beaucaire, le Pr\u00e9, la course des pinques et felouques et le tonneau de vin et le mouton gras offert au gagnant !<br \/>\nOn emprunte la voie verte pour la quitter apr\u00e8s la passerelle pour d\u00e9ambuler dans le secteur des Caunelles et des Regagnons.<br \/>\nOn appr\u00e9cie l\u2019ombre, la petite brise l\u00e9g\u00e8re et on rep\u00e8re l\u2019odontite qui colore la prairie de jolies gouttelettes jaunes, les jolies grappes de salsepareille et on \u00e9vite de toucher l\u2019inule visqueuse pour s\u2019en mettre plein les mains.<br \/>\nUne fois la rocade travers\u00e9e on monte vers un point de vue qui s\u2019\u00e9tire jusqu\u2019\u00e0 la mer, les Alpilles, mais \u00e0 nos pied le nouveau quartier de Beaucaire Ugernum.<br \/>\nOn \u00e9voque la gaude, cette plante tinctoriale dont on tirait le jaune qui colorait le bonnet des Juifs dont c\u2019\u00e9tait leur quartier \u00e0 une \u00e9poque. On \u00e9voque aussi la grotte Pag\u00e8s dont les vestiges font partie de la collection du mus\u00e9e Auguste Jacquet de Beaucaire.<br \/>\nOn redescend vers la Coquillade et le chemin de Robinson avant de reprendre, \u00e0 la demande unanime des participants, le charmant chemin du bord du Rh\u00f4ne.<br \/>\nOn profite plus de ce qu\u2019il nous offre qu\u2019au d\u00e9part\u2026 on rep\u00e8re de nombreuses plantes bien \u00e9clair\u00e9es par cette jolie lumi\u00e8re\u2026 on \u00e9voque les cercueils qui passaient pas tr\u00e8s loin, sur le Rh\u00f4ne avec des pi\u00e8ces entre les dents pour payer les Moines qui devaient les ensevelir aux Alyscamps d\u2019Arles\u2026 enfin, s\u2019ils arrivaient jusque l\u00e0\u00a0! Les \u00ab\u00a0brigands\u00a0\u00bb de Vallabr\u00e8gues ne se privaient pas de les\u00a0 arr\u00eater pour subtiliser leur \u00e9cot.<br \/>\nMaintenant on tra\u00eene un peu les pieds, la distance qui nous s\u00e9pare du point de d\u00e9part se r\u00e9tr\u00e9cit trop rapidement. Heureusement pour nous distraire on est interpell\u00e9 par une haie d\u2019Oranger des Osages.<br \/>\nL\u2019Oranger des Osages \u00a0a \u00e9t\u00e9 introduit en France en 1812 pour son feuillage proche de celui du m\u00fbrier et dont on pensait faire la nourriture des vers \u00e0 soie dans les r\u00e9gions trop froides pour la culture du m\u00fbrier, car l&rsquo;esp\u00e8ce est rustique et fructifie jusque sous le climat de Paris. Les essais ont \u00e9t\u00e9 vite abandonn\u00e9s et on ne le plante \u00a0plus maintenant que pour l&rsquo;ornement. \u00a0Le nom commun vient de la tribu indienne des Osages, qui occupait la zone o\u00f9 pousse cet arbre. Quelques uns mettent un fruit de cet arbre originaire d\u2019Am\u00e9rique du Nord dans leur poche\u2026<br \/>\nOn se s\u00e9pare un peu plus loin, tous ravis de ce bel apr\u00e8s-midi aux belles couleurs pr\u00e9-automnales\u00a0!<br \/>\nPS\u00a0: <em>d\u00e9sol\u00e9s pour les photos. On a \u00e9t\u00e9 trop occup\u00e9s \u00e0 profiter des uns et des autres et des beaux paysages pour avoir le temps de penser \u00e0 en prendre.<br \/>\n<\/em><strong><u>Cotation\u00a0<\/u><\/strong>: DJB2 \u2013 10.5 km \u2013 223 m de d\u00e9nivel\u00e9.<\/p>\n","protected":false},"excerpt":{"rendered":"<p>Voir ici les photos de notre randonn\u00e9e \u00e0 Beaucaire.<\/p>\n","protected":false},"author":1,"featured_media":7904,"comment_status":"closed","ping_status":"closed","sticky":false,"template":"","format":"standard","meta":{"footnotes":""},"categories":[4],"tags":[],"class_list":["post-7901","post","type-post","status-publish","format-standard","has-post-thumbnail","hentry","category-randonnees"],"_links":{"self":[{"href":"https:\/\/culturotheque.fr\/index.php\/wp-json\/wp\/v2\/posts\/7901","targetHints":{"allow":["GET"]}}],"collection":[{"href":"https:\/\/culturotheque.fr\/index.php\/wp-json\/wp\/v2\/posts"}],"about":[{"href":"https:\/\/culturotheque.fr\/index.php\/wp-json\/wp\/v2\/types\/post"}],"author":[{"embeddable":true,"href":"https:\/\/culturotheque.fr\/index.php\/wp-json\/wp\/v2\/users\/1"}],"replies":[{"embeddable":true,"href":"https:\/\/culturotheque.fr\/index.php\/wp-json\/wp\/v2\/comments?post=7901"}],"version-history":[{"count":4,"href":"https:\/\/culturotheque.fr\/index.php\/wp-json\/wp\/v2\/posts\/7901\/revisions"}],"predecessor-version":[{"id":7906,"href":"https:\/\/culturotheque.fr\/index.php\/wp-json\/wp\/v2\/posts\/7901\/revisions\/7906"}],"wp:featuredmedia":[{"embeddable":true,"href":"https:\/\/culturotheque.fr\/index.php\/wp-json\/wp\/v2\/media\/7904"}],"wp:attachment":[{"href":"https:\/\/culturotheque.fr\/index.php\/wp-json\/wp\/v2\/media?parent=7901"}],"wp:term":[{"taxonomy":"category","embeddable":true,"href":"https:\/\/culturotheque.fr\/index.php\/wp-json\/wp\/v2\/categories?post=7901"},{"taxonomy":"post_tag","embeddable":true,"href":"https:\/\/culturotheque.fr\/index.php\/wp-json\/wp\/v2\/tags?post=7901"}],"curies":[{"name":"wp","href":"https:\/\/api.w.org\/{rel}","templated":true}]}}