{"id":7916,"date":"2021-09-24T12:17:33","date_gmt":"2021-09-24T10:17:33","guid":{"rendered":"https:\/\/culturotheque.fr\/?p=7916"},"modified":"2021-09-25T12:29:04","modified_gmt":"2021-09-25T10:29:04","slug":"les-tunnels","status":"publish","type":"post","link":"https:\/\/culturotheque.fr\/index.php\/2021\/09\/24\/les-tunnels\/","title":{"rendered":"Les Tunnels"},"content":{"rendered":"<p><a href=\"https:\/\/photos.app.goo.gl\/SVk4q2JJm6kHXp3U6\">Voir ici les photos de notre randonn\u00e9e \u00e0 St Bonnet du Gard<\/a><br \/>\n<!--more--><\/p>\n<p style=\"text-align: justify;\">Etant donn\u00e9 la belle journ\u00e9e pass\u00e9e hier \u00e0 Arles, autant vous dire qu\u2019on est pas tr\u00e8s nombreux \u00e0 la randonn\u00e9e de ce matin\u00a0!<br \/>\nDirection l\u2019\u00e9glise fortifi\u00e9e de St Bonnet du Gard o\u00f9 l\u2019on retrouve Marl\u00e8ne qui a souhait\u00e9 nous rejoindre pour la F\u00eate de la Randonn\u00e9e.<br \/>\nOn l\u2019entra\u00eene dans notre petit circuit des fameux Tunnels de Sernhac qui est une belle et heureuse d\u00e9couverte pour elle.<br \/>\nLa garrigue, les points de vues et le retour\u2026 toujours dans de riches et grandes discussions\u00a0! Que c\u2019est agr\u00e9able de rencontrer de nouvelles et belles personnes\u00a0!<br \/>\nA bient\u00f4t pour de nouvelles aventures\u00a0!<br \/>\n<strong><u>Cotation\u00a0<\/u><\/strong>: DJA1 \u2013 6.5 km \u2013 130 m d\u00e9nivel\u00e9.<\/p>\n","protected":false},"excerpt":{"rendered":"<p>Voir ici les photos de notre randonn\u00e9e \u00e0 St Bonnet du Gard<\/p>\n","protected":false},"author":1,"featured_media":7918,"comment_status":"closed","ping_status":"closed","sticky":false,"template":"","format":"standard","meta":{"footnotes":""},"categories":[4],"tags":[],"class_list":["post-7916","post","type-post","status-publish","format-standard","has-post-thumbnail","hentry","category-randonnees"],"_links":{"self":[{"href":"https:\/\/culturotheque.fr\/index.php\/wp-json\/wp\/v2\/posts\/7916","targetHints":{"allow":["GET"]}}],"collection":[{"href":"https:\/\/culturotheque.fr\/index.php\/wp-json\/wp\/v2\/posts"}],"about":[{"href":"https:\/\/culturotheque.fr\/index.php\/wp-json\/wp\/v2\/types\/post"}],"author":[{"embeddable":true,"href":"https:\/\/culturotheque.fr\/index.php\/wp-json\/wp\/v2\/users\/1"}],"replies":[{"embeddable":true,"href":"https:\/\/culturotheque.fr\/index.php\/wp-json\/wp\/v2\/comments?post=7916"}],"version-history":[{"count":1,"href":"https:\/\/culturotheque.fr\/index.php\/wp-json\/wp\/v2\/posts\/7916\/revisions"}],"predecessor-version":[{"id":7917,"href":"https:\/\/culturotheque.fr\/index.php\/wp-json\/wp\/v2\/posts\/7916\/revisions\/7917"}],"wp:featuredmedia":[{"embeddable":true,"href":"https:\/\/culturotheque.fr\/index.php\/wp-json\/wp\/v2\/media\/7918"}],"wp:attachment":[{"href":"https:\/\/culturotheque.fr\/index.php\/wp-json\/wp\/v2\/media?parent=7916"}],"wp:term":[{"taxonomy":"category","embeddable":true,"href":"https:\/\/culturotheque.fr\/index.php\/wp-json\/wp\/v2\/categories?post=7916"},{"taxonomy":"post_tag","embeddable":true,"href":"https:\/\/culturotheque.fr\/index.php\/wp-json\/wp\/v2\/tags?post=7916"}],"curies":[{"name":"wp","href":"https:\/\/api.w.org\/{rel}","templated":true}]}}