{"id":7928,"date":"2021-09-24T13:14:41","date_gmt":"2021-09-24T11:14:41","guid":{"rendered":"https:\/\/culturotheque.fr\/?p=7928"},"modified":"2021-09-25T16:18:21","modified_gmt":"2021-09-25T14:18:21","slug":"lermitage-et-les-grottes-de-baumon","status":"publish","type":"post","link":"https:\/\/culturotheque.fr\/index.php\/2021\/09\/24\/lermitage-et-les-grottes-de-baumon\/","title":{"rendered":"L&rsquo;ermitage et les grottes de Baumon"},"content":{"rendered":"<p><!--more--><\/p>\n<p style=\"text-align: justify;\">Cette semaine c\u2019est la f\u00eate de la randonn\u00e9e dans le Gard.<br \/>\nDans ce cadre, nous avons le plaisir d\u2019accueillir Annie, Teresa et Carlo qui vont partager avec Catherine Raphael et Hubert notre randonn\u00e9e du jour<br \/>\nLa journ\u00e9e s\u2019annonce bien, le soleil est de la partie et le temps de faire connaissance avec nos compagnons, nous voil\u00e0 parti sur des sentiers que les randonneurs de la culturoth\u00e8que connaissent bien.<br \/>\nIl ne faut pas longtemps pour que les langues se d\u00e9lient et que les discussions et rires animent notre progression tout en ne nous emp\u00eachant pas d\u2019admirer la v\u00e9g\u00e9tation et la beaut\u00e9 de cette combe de l\u2019ermitage. Il faut dire que nos 3 nouveaux n\u2019ont pas non plus leur langue dans la poche.<br \/>\nNous d\u00e9couvrons au fond de la combe de l\u2019Ermitage, la chapelle \u00ab Notre dame de Laval \u00bb et un autel plant\u00e9 contre la falaise. Ce lieu est charg\u00e9 d\u2019histoire puisqu\u2019il a vu se succ\u00e9der du n\u00e9olithique jusqu\u2019au si\u00e8cle dernier successivement des hommes pr\u00e9historiques qui vivaient dans la grotte, puis les romains qui y \u00e9difi\u00e8rent un temple sur les ruines duquel fut construite une chapelle en l\u2019honneur de la vierge et enfin des ermites qui s\u2019y sont succ\u00e9d\u00e9s jusqu\u2019au XIX\u00e8me si\u00e8cle.<br \/>\nAvant de quitter les lieux, nous faisons un petit d\u00e9tour par la source o\u00f9 nous pensions nous laisser bercer quelques instants par le doux gazouillis de l\u2019eau qui s\u2019\u00e9chappe par une anfractuosit\u00e9 du rocher. Malheureusement, elle est compl\u00e8tement \u00e0 sec. La pauvre Aphrodite, d\u00e9esse de la source, surnomm\u00e9e ici Kolias (Ce nom ne vous rappelle-t-il\u00a0 pas quelque chose\u00a0?) doit avoir bien soif\u00a0!<br \/>\nNous grimpons ensuite vers la croix qui domine le site pour nous diriger ensuite vers le mas de Laval sur le plateau. Nous croisons la d\u00e9partementale qui relie Cabri\u00e8res \u00e0 Collias, passons devant le mas de St Privat o\u00f9 nous pouvons admirer de magnifiques chevaux.<br \/>\nNous allons ensuite laisser la piste pour suivre un sentier qui nous m\u00e8ne sur les falaises qui dominent le Gardon. Il est midi pass\u00e9 et nous avons trouv\u00e9 l\u2019endroit id\u00e9al pour casser la cro\u00fbte tout en admirant le d\u00e9cor majestueux qui nous entoure.<br \/>\nNous revenons sur nos pas non sans avoir fait encore un petit d\u00e9tour par une s\u00e9rie de grottes \u00e0 flanc de falaise, certaines d\u00e9cor\u00e9es de peintures rupestres datant pour certaines de \u20262021.<br \/>\nApr\u00e8s avoir rejoint la piste nous allons revenir \u00e0 Collias par le chemin\u00a0\u00a0 de la Torte. Malheureusement les bulldozers lui ont enlev\u00e9 un peu de son authenticit\u00e9. Malgr\u00e9 tout le chemin nous d\u00e9voile de superbes vues sur le village que nous rejoignons d\u2019un bon pas.<br \/>\nIl est l\u2019heure de nous quitter et de nous f\u00e9liciter de cette belle journ\u00e9e pass\u00e9e ensemble<br \/>\n<em>Hubert<br \/>\n<\/em><strong><u>Cotation<\/u><\/strong>\u00a0:\u00a0<em>JB3 \u2013 14Km \u2013 424 m d\u00e9nivel\u00e9<br \/>\n<\/em><\/p>\n<p>&nbsp;<\/p>\n","protected":false},"excerpt":{"rendered":"","protected":false},"author":1,"featured_media":7931,"comment_status":"closed","ping_status":"closed","sticky":false,"template":"","format":"standard","meta":{"footnotes":""},"categories":[4],"tags":[],"class_list":["post-7928","post","type-post","status-publish","format-standard","has-post-thumbnail","hentry","category-randonnees"],"_links":{"self":[{"href":"https:\/\/culturotheque.fr\/index.php\/wp-json\/wp\/v2\/posts\/7928","targetHints":{"allow":["GET"]}}],"collection":[{"href":"https:\/\/culturotheque.fr\/index.php\/wp-json\/wp\/v2\/posts"}],"about":[{"href":"https:\/\/culturotheque.fr\/index.php\/wp-json\/wp\/v2\/types\/post"}],"author":[{"embeddable":true,"href":"https:\/\/culturotheque.fr\/index.php\/wp-json\/wp\/v2\/users\/1"}],"replies":[{"embeddable":true,"href":"https:\/\/culturotheque.fr\/index.php\/wp-json\/wp\/v2\/comments?post=7928"}],"version-history":[{"count":2,"href":"https:\/\/culturotheque.fr\/index.php\/wp-json\/wp\/v2\/posts\/7928\/revisions"}],"predecessor-version":[{"id":7930,"href":"https:\/\/culturotheque.fr\/index.php\/wp-json\/wp\/v2\/posts\/7928\/revisions\/7930"}],"wp:featuredmedia":[{"embeddable":true,"href":"https:\/\/culturotheque.fr\/index.php\/wp-json\/wp\/v2\/media\/7931"}],"wp:attachment":[{"href":"https:\/\/culturotheque.fr\/index.php\/wp-json\/wp\/v2\/media?parent=7928"}],"wp:term":[{"taxonomy":"category","embeddable":true,"href":"https:\/\/culturotheque.fr\/index.php\/wp-json\/wp\/v2\/categories?post=7928"},{"taxonomy":"post_tag","embeddable":true,"href":"https:\/\/culturotheque.fr\/index.php\/wp-json\/wp\/v2\/tags?post=7928"}],"curies":[{"name":"wp","href":"https:\/\/api.w.org\/{rel}","templated":true}]}}