{"id":7961,"date":"2021-10-01T17:50:18","date_gmt":"2021-10-01T15:50:18","guid":{"rendered":"https:\/\/culturotheque.fr\/?p=7961"},"modified":"2021-10-06T22:43:48","modified_gmt":"2021-10-06T20:43:48","slug":"le-mur-des-abeilles","status":"publish","type":"post","link":"https:\/\/culturotheque.fr\/index.php\/2021\/10\/01\/le-mur-des-abeilles\/","title":{"rendered":"Le mur des Abeilles"},"content":{"rendered":"<p><a href=\"https:\/\/photos.app.goo.gl\/UksZQuS9kb9MMmSz9\">Voir ici les photos de notre randonn\u00e9e \u00e0 Montfrin<\/a><\/p>\n<p><!--more--><\/p>\n<h3 class=\"moz-quote-pre\" style=\"text-align: justify;\">En cette matin\u00e9e du premier octobre le ciel est d\u2019un beau bleu sans nuages mais nous gardons une petite laine car l\u2019air est frais, id\u00e9al pour marcher. Nous d\u00e9marrons du parking des ar\u00e8nes pour tr\u00e8s vite rejoindre les bords du gardon o\u00f9 les discussions vont bon train m\u00eame si nous ne sommes que quatre. Travers\u00e9e de la route de Fourn\u00e8s et mont\u00e9e en direction de Th\u00e9ziers, arriv\u00e9s sur les hauteurs nous prenons \u00e0 droite au milieu des vignes. On rejoint ainsi Montfrin et en montant le chemin de la Baume on s\u2019arr\u00eate pour visiter le mur des abeilles, puis c\u2019est le GR 42 qui nous fait passer derri\u00e8re le ch\u00e2teau. On rejoint le parking par ce chemin si sympathique qui serpente en bas du ch\u00e2teau et permet d\u2019\u00e9viter le centre du village, on pourra retrouver au passage la plaque \u00e9voquant Moli\u00e8re.<br \/>\n<em>Monique<\/em><\/h3>\n<h3 class=\"moz-quote-pre\"><span style=\"text-decoration: underline;\"><strong>Cotation<\/strong><\/span> : DJA1 &#8211;\u00a0 7 km et 58m.<\/h3>\n","protected":false},"excerpt":{"rendered":"<p>Voir ici les photos de notre randonn\u00e9e \u00e0 Montfrin<\/p>\n","protected":false},"author":1,"featured_media":8025,"comment_status":"closed","ping_status":"closed","sticky":false,"template":"","format":"standard","meta":{"footnotes":""},"categories":[4],"tags":[],"class_list":["post-7961","post","type-post","status-publish","format-standard","has-post-thumbnail","hentry","category-randonnees"],"_links":{"self":[{"href":"https:\/\/culturotheque.fr\/index.php\/wp-json\/wp\/v2\/posts\/7961","targetHints":{"allow":["GET"]}}],"collection":[{"href":"https:\/\/culturotheque.fr\/index.php\/wp-json\/wp\/v2\/posts"}],"about":[{"href":"https:\/\/culturotheque.fr\/index.php\/wp-json\/wp\/v2\/types\/post"}],"author":[{"embeddable":true,"href":"https:\/\/culturotheque.fr\/index.php\/wp-json\/wp\/v2\/users\/1"}],"replies":[{"embeddable":true,"href":"https:\/\/culturotheque.fr\/index.php\/wp-json\/wp\/v2\/comments?post=7961"}],"version-history":[{"count":5,"href":"https:\/\/culturotheque.fr\/index.php\/wp-json\/wp\/v2\/posts\/7961\/revisions"}],"predecessor-version":[{"id":7968,"href":"https:\/\/culturotheque.fr\/index.php\/wp-json\/wp\/v2\/posts\/7961\/revisions\/7968"}],"wp:featuredmedia":[{"embeddable":true,"href":"https:\/\/culturotheque.fr\/index.php\/wp-json\/wp\/v2\/media\/8025"}],"wp:attachment":[{"href":"https:\/\/culturotheque.fr\/index.php\/wp-json\/wp\/v2\/media?parent=7961"}],"wp:term":[{"taxonomy":"category","embeddable":true,"href":"https:\/\/culturotheque.fr\/index.php\/wp-json\/wp\/v2\/categories?post=7961"},{"taxonomy":"post_tag","embeddable":true,"href":"https:\/\/culturotheque.fr\/index.php\/wp-json\/wp\/v2\/tags?post=7961"}],"curies":[{"name":"wp","href":"https:\/\/api.w.org\/{rel}","templated":true}]}}