{"id":8062,"date":"2021-10-08T16:37:47","date_gmt":"2021-10-08T14:37:47","guid":{"rendered":"https:\/\/culturotheque.fr\/?p=8062"},"modified":"2021-10-28T08:28:24","modified_gmt":"2021-10-28T06:28:24","slug":"les-cascades-du-sautadet-3","status":"publish","type":"post","link":"https:\/\/culturotheque.fr\/index.php\/2021\/10\/08\/les-cascades-du-sautadet-3\/","title":{"rendered":"Les cascades du Sautadet"},"content":{"rendered":"<p><a href=\"https:\/\/photos.app.goo.gl\/LnMQsNHEPbyi6fFe9\">Voir ici les photos de Yves concernant notre randonn\u00e9e \u00e0 St Michel d&rsquo;Euzet<\/a><\/p>\n<p><!--more--><\/p>\n<p style=\"text-align: justify;\">Ce Lundi, les 6 randonneurs du jour se regroupent \u00e0 St Michel d\u2019Euzet pour une petite balade sans grosses difficult\u00e9s, mais avec de belles d\u00e9couvertes\u00a0!<br \/>\nNotre groupe se dirige vers les rives de la C\u00e8ze au travers d\u2019une plaine coup\u00e9e par la d\u00e9partementale qui relie Bagnols sur C\u00e8ze \u00e0 Barjac. Quoi de mieux qu\u2019une petite devinette pioch\u00e9e lors de nos repas du soir en Ard\u00e8che pour rompre la monotonie de ce d\u00e9but de parcours. <em>\u00ab\u00a0quel est le seul mot <strong><u>masculin <\/u><\/strong>de la langue fran\u00e7aise qui finit par -ettte\u00a0&#8211;\u00a0?\u00bb.<br \/>\n<\/em>Face \u00e0 nous, au gr\u00e8s des circonvolutions du chemin, se d\u00e9couvre doucement sur son piton rocheux le magnifique village m\u00e9di\u00e9val de la Roque sur C\u00e8ze. Pour traverser la C\u00e8ze, nous empruntons le \u00ab\u00a0pont Charles Martel\u00a0\u00bb. Cet illustre guerrier serait-il\u00a0pass\u00e9 par la Roque sur C\u00e8ze pour aller \u00e0 Poitiers bouter les sarrazins hors du royaume Franc\u00a0? Wikipedia ne le dit pas\u00a0!!!! En tout cas, il n\u2019a pas pu traverser le pont qui porte son nom puisque celui-ci n\u2019a \u00e9t\u00e9 construit qu\u2019au XII\u00e8me si\u00e8cle.<br \/>\nNotre photographe attitr\u00e9 s\u2019en donnent \u00e0 c\u0153ur joie pour prendre sous toutes les coutures le pont et le fier village qui le surplombe. Allons-nous de suite arpenter les ruelles du village\u00a0? Que nenni\u00a0! nous tournons \u00e0 droite pour suivre le bord de la C\u00e8ze<br \/>\nSur ce chemin large et presque plat, il y en a pour tous les go\u00fbts\u00a0; ceux qui n\u2019ont pas trouv\u00e9 la solution \u00e0 la devinette continuent \u00e0 chercher courageusement. Les gourmands grapillent les quelques raisins oubli\u00e9s apr\u00e8s la vendange. Puis nous attaquons, selon notre guide, la seule mont\u00e9e de la journ\u00e9e (les randonneurs du jour, pas de commentaires SVP\u00a0!!!). LOL\u00a0! comme disent nos petits-enfants.<br \/>\nIl n\u2019est pas loin de midi quand nous nous retrouvons sur le haut du village de La Roque sur C\u00e8ze. Maintenant les ruelles du village s\u2019offrent \u00e0 nous\u00a0; voutes, pav\u00e9s, tours de guet, chapelles, etc\u2026. Voir le lien ci-joint\u00a0:<\/p>\n<p style=\"text-align: justify;\"><a href=\"http:\/\/www.laroquesurceze.fr\/wp-content\/uploads\/2019\/01\/500-x-500_BAT.pdf\">http:\/\/www.laroquesurceze.fr\/wp-content\/uploads\/2019\/01\/500-x-500_BAT.pdf<\/a><\/p>\n<p style=\"text-align: justify;\">Apr\u00e8s en avoir visit\u00e9 tous les recoins, nous retraversons le pont et rejoignons les bords de la C\u00e8ze et ses cascades du Sautadet pour d\u00e9guster notre casse-croute.<br \/>\nQuel ravissement de red\u00e9couvrir cette \u00e9norme masse calcaire sculpt\u00e9e par l\u2019\u00e9rosion, ces cascades aujourd\u2019hui en fureur (on n\u2019a pas l\u2019habitude de les voir aussi tumultueuses), ces marmites de g\u00e9ant creus\u00e9es par les tourbillons de la C\u00e8ze. Tout est spectacle\u00a0! ce tronc d\u2019arbre \u00e9trangement plant\u00e9 droit comme s\u2019il avait pris racine au milieu de la rivi\u00e8re, ces remous incessants, ces eaux vertes qui font ressembler la C\u00e8ze \u00e0 un torrent de montagne.<br \/>\nApr\u00e8s la pause, nous avons de peine \u00e0 nous \u00e9loigner de ce lieu magique pour continuer notre chemin. Nous passons \u00e0 proximit\u00e9 des\u00a0 ruines d\u2019un vieux moulin puis nous terminons notre rando en regagnant le village de d\u00e9part.<br \/>\n<em>\u00a0\u00a0\u00a0\u00a0\u00a0\u00a0\u00a0\u00a0\u00a0\u00a0\u00a0\u00a0\u00a0\u00a0\u00a0\u00a0\u00a0\u00a0\u00a0\u00a0\u00a0\u00a0\u00a0\u00a0\u00a0\u00a0\u00a0\u00a0\u00a0\u00a0\u00a0\u00a0\u00a0\u00a0\u00a0\u00a0\u00a0\u00a0\u00a0\u00a0\u00a0\u00a0\u00a0\u00a0\u00a0\u00a0\u00a0\u00a0\u00a0\u00a0\u00a0\u00a0\u00a0\u00a0\u00a0\u00a0\u00a0\u00a0\u00a0\u00a0\u00a0\u00a0\u00a0\u00a0\u00a0\u00a0\u00a0\u00a0\u00a0\u00a0\u00a0\u00a0\u00a0\u00a0\u00a0 Hubert.<\/em><br \/>\n<strong><u>Co<\/u><\/strong><strong>tation<\/strong> : JB3\u2013 15 km \u2013 150 m d\u00e9nivel\u00e9<\/p>\n<p>&nbsp;<\/p>\n","protected":false},"excerpt":{"rendered":"<p>Voir ici les photos de Yves concernant notre randonn\u00e9e \u00e0 St Michel d&rsquo;Euzet<\/p>\n","protected":false},"author":1,"featured_media":8063,"comment_status":"closed","ping_status":"closed","sticky":false,"template":"","format":"standard","meta":{"footnotes":""},"categories":[4],"tags":[],"class_list":["post-8062","post","type-post","status-publish","format-standard","has-post-thumbnail","hentry","category-randonnees"],"_links":{"self":[{"href":"https:\/\/culturotheque.fr\/index.php\/wp-json\/wp\/v2\/posts\/8062","targetHints":{"allow":["GET"]}}],"collection":[{"href":"https:\/\/culturotheque.fr\/index.php\/wp-json\/wp\/v2\/posts"}],"about":[{"href":"https:\/\/culturotheque.fr\/index.php\/wp-json\/wp\/v2\/types\/post"}],"author":[{"embeddable":true,"href":"https:\/\/culturotheque.fr\/index.php\/wp-json\/wp\/v2\/users\/1"}],"replies":[{"embeddable":true,"href":"https:\/\/culturotheque.fr\/index.php\/wp-json\/wp\/v2\/comments?post=8062"}],"version-history":[{"count":4,"href":"https:\/\/culturotheque.fr\/index.php\/wp-json\/wp\/v2\/posts\/8062\/revisions"}],"predecessor-version":[{"id":8246,"href":"https:\/\/culturotheque.fr\/index.php\/wp-json\/wp\/v2\/posts\/8062\/revisions\/8246"}],"wp:featuredmedia":[{"embeddable":true,"href":"https:\/\/culturotheque.fr\/index.php\/wp-json\/wp\/v2\/media\/8063"}],"wp:attachment":[{"href":"https:\/\/culturotheque.fr\/index.php\/wp-json\/wp\/v2\/media?parent=8062"}],"wp:term":[{"taxonomy":"category","embeddable":true,"href":"https:\/\/culturotheque.fr\/index.php\/wp-json\/wp\/v2\/categories?post=8062"},{"taxonomy":"post_tag","embeddable":true,"href":"https:\/\/culturotheque.fr\/index.php\/wp-json\/wp\/v2\/tags?post=8062"}],"curies":[{"name":"wp","href":"https:\/\/api.w.org\/{rel}","templated":true}]}}