{"id":8123,"date":"2021-10-18T17:45:58","date_gmt":"2021-10-18T15:45:58","guid":{"rendered":"https:\/\/culturotheque.fr\/?p=8123"},"modified":"2021-10-28T08:20:51","modified_gmt":"2021-10-28T06:20:51","slug":"la-tete-du-long-jean","status":"publish","type":"post","link":"https:\/\/culturotheque.fr\/index.php\/2021\/10\/18\/la-tete-du-long-jean\/","title":{"rendered":"Le domaine de Meynes&#8230; \u00e0 Roquefavour."},"content":{"rendered":"<p><a href=\"https:\/\/photos.app.goo.gl\/P1WPdaqtqjs4fmHP8\">Voir ici les photos de notre randonn\u00e9e \u00e0 Roquefavour.<\/a><br \/>\n<a href=\"https:\/\/1drv.ms\/u\/s!AmQH719VFDtegfgZbvvVntP5QpupVg?e=Ss7Shu\">Voir ici les photos de Marie-Jeanne<\/a><br \/>\n<a href=\"https:\/\/photos.app.goo.gl\/sSRCH4mMCd42attNA\">Voir ici les photos de Fran\u00e7oise<\/a><\/p>\n<p><!--more--><\/p>\n<p style=\"text-align: justify;\">Oh l\u00e0 l\u00e0 ! Ca commence mal ! L\u2019aqueduc de Roquefavour s\u2019est mis un tablier, une flop\u00e9e de voitures pour prendre nos places de parking, une belle cascade, mais elle donne envie d\u2019une pause \u00ab fleurette \u00bb, un chemin pas tr\u00e8s catholique, un passage sous une voie ferr\u00e9e pas tr\u00e8s joli, une carri\u00e8re de pierre qui n\u2019inspire pas confiance, une raide mont\u00e9e, des coups de fusils !\u2026 Enfin on arrive au fameux canal de Marseille. Mais l\u00e0, pour corser le tout, un Monsieur sort de sa voiture furieux \u00ab que faites-vous l\u00e0, c\u2019est une propri\u00e9t\u00e9 priv\u00e9e \u00bb !<br \/>\n<img loading=\"lazy\" decoding=\"async\" class=\"n3VNCb\" src=\"https:\/\/upload.wikimedia.org\/wikipedia\/commons\/thumb\/7\/79\/Face-smile.svg\/2048px-Face-smile.svg.png\" alt=\"Fichier:Face-smile.svg \u2014 Wikip\u00e9dia\" width=\"93\" height=\"93\" data-noaft=\"1\" \/><br \/>\nChuuutttt\u00a0! On respire un grand coup\u00a0!<br \/>\nOn profite des berges du canal pour d\u00e9couvrir un panorama grandiose, le joli sentier qui le borde nous permet de rejoindre l\u2019extr\u00e9mit\u00e9 ouest de l\u2019aqueduc. On admire le travail des hommes pour construire\u00a0 ce pont-aqueduc en arc en pierre d&rsquo;une longueur de 393 m\u00e8tres, et d&rsquo;une hauteur de 82,65 m\u00e8tres. Il est situ\u00e9 sur la commune de Ventabren et il sert \u00e0 l&rsquo;acheminement de l&rsquo;eau de la Durance \u00e0 Marseille et fait partie du canal appel\u00e9 canal de Marseille. Il franchit la vall\u00e9e de l&rsquo;Arc, enjambant \u00e0 la fois la rivi\u00e8re, la route d&rsquo;Aix-en-Provence \u00e0 Berre et la voie ferr\u00e9e Aix-Rognac. Sa construction, commenc\u00e9e en 1841 et achev\u00e9e en 1847, a \u00e9t\u00e9 dirig\u00e9e par l\u2019ing\u00e9nieur des ponts et chauss\u00e9es Jean de Montricher, second\u00e9 par William Fraisse. Il est d&rsquo;une architecture largement inspir\u00e9e par l&rsquo;antique pont du Gard, il est pr\u00e8s de deux fois plus haut que ce dernier. Il s&rsquo;agit du plus haut aqueduc en pierre du monde. Il est toujours utilis\u00e9 de nos jours.<br \/>\nInspir\u00e9 du pont du Gard\u2026 oui mais pas copi\u00e9\/coll\u00e9. Il nous semble bien diff\u00e9rent ! Apr\u00e8s avoir appris que l\u2019eau de ce canal arrive au Palais Longchamp de Marseille que nous avons eu la chance de visiter, nous poursuivons par un chemin qui monte\u2026 qui monte !<br \/>\nOn prend le temps, on se sent bien dans cette for\u00eat mais\u2026 et petit \u00e0 petit un panorama fantastique se d\u00e9voile. Retournez-vous, retournez-vous : aujourd\u2019hui ce sera la Ste Victoire qui nous fera de l\u2019\u0153il !<br \/>\nDe larges pistes\u00a0: on aime car on peut papoter \u00e0 qui mieux-mieux\u00a0!<br \/>\nOn longe le Domaine de Meynes par le Sud. On d\u00e9couvre ce que chacun pense \u00eatre un domaine viticole. Que nenni\u00a0! Un simple mas perdu dans la for\u00eat qui s\u2019agenouille \u00e0 nos pieds.<br \/>\nOn prend toujours de la hauteur.<br \/>\nAu niveau du Jas des Vaches c\u2019est presque une vue \u00e0 360\u00b0. On voit les collines de Vitrolles, l\u2019\u00e9tang de Berre. On reconna\u00eet le joli village de Velaux, celui de Ventabren plus proche. C\u2019est qu\u2019ici nous sommes en \u00ab\u00a0terre inconnue\u00a0\u00bb, alors on scrute, on v\u00e9rifie\u2026 \u00e0 moins qu\u2019on ne s\u2019int\u00e9resse \u00e0 la multitude de champignons. Il y en a m\u00eame qui ressemblent \u00e0 des parasols g\u00e9ants\u00a0!<br \/>\nOn fait le tour du Collet Redon\u2026 Un amour de sentier bord\u00e9 de\u00a0 bruy\u00e8res odorantes et color\u00e9es\u2026 Ah comme l\u2019automne est beau sous le soleil. On est aussi intrigu\u00e9 par la roche rouge, assez insolite par endroits.<br \/>\nOn s\u2019installe pour notre pause d\u00e9jeuner. On prend des nouvelles d\u2019Odile\u00a0: on aimerait tellement qu\u2019elle soit avec nous\u00a0!<br \/>\nDe bons g\u00e2teaux. Les financiers de Marie-Jeanne : une tuerie ! Le pain d\u2019\u00e9pices de la mamie de la famille de Betty : une tuerie ! Merci \u00e0 Daniel pour le d\u00e9licieux caf\u00e9 ! Autant vous dire que nous passons un bon moment, nos papilles nous le disent mais\u2026 nos ventres se tordent de rire !<br \/>\nNous reprenons par une large piste descendante maintenant (<em>c\u2019est s\u00fbr qu\u2019on ne peut plus aller plus haut)<\/em>, un \u00e9norme pyl\u00f4ne \u00e9lectrique enjambe une vall\u00e9e verdoyante et ponctu\u00e9e d\u2019un patchwork de vignes color\u00e9es, des cigognes y ont \u00e9lu domicile.<br \/>\nUn tournant, Oh\u2026 Ah\u2026 l\u2019aqueduc de Roquefavour en ligne de mire avec Ste Victoire pour toile de fond. Que Michel Ange, Rapha\u00ebl et surtout L\u00e9onard de Vinci auraient \u00e9t\u00e9 heureux d\u2019avoir \u00e0 peindre ces paysages !\u00a0 Sfumato oblige !<br \/>\nNous on en profite\u00a0!<br \/>\nFor\u00eats, pistes en balcons, sentiers insolites\u2026 tout nous plait dans cette randonn\u00e9e !<br \/>\nLe retour s\u2019effectue avec un large Smile sur chacun des visages\u2026 Que la semaine passe vite pour se retrouver lundi pour de nouvelles aventures !<br \/>\n<span style=\"text-decoration: underline;\"><strong>Cotation\u00a0:<\/strong><\/span> JB2 \u2013 13 km \u00a0&#8211; 253 m de d\u00e9nivel\u00e9.<\/p>\n","protected":false},"excerpt":{"rendered":"<p>Voir ici les photos de notre randonn\u00e9e \u00e0 Roquefavour. Voir ici les photos de Marie-Jeanne Voir ici les photos de Fran\u00e7oise<\/p>\n","protected":false},"author":1,"featured_media":8143,"comment_status":"closed","ping_status":"closed","sticky":false,"template":"","format":"standard","meta":{"footnotes":""},"categories":[4],"tags":[],"class_list":["post-8123","post","type-post","status-publish","format-standard","has-post-thumbnail","hentry","category-randonnees"],"_links":{"self":[{"href":"https:\/\/culturotheque.fr\/index.php\/wp-json\/wp\/v2\/posts\/8123","targetHints":{"allow":["GET"]}}],"collection":[{"href":"https:\/\/culturotheque.fr\/index.php\/wp-json\/wp\/v2\/posts"}],"about":[{"href":"https:\/\/culturotheque.fr\/index.php\/wp-json\/wp\/v2\/types\/post"}],"author":[{"embeddable":true,"href":"https:\/\/culturotheque.fr\/index.php\/wp-json\/wp\/v2\/users\/1"}],"replies":[{"embeddable":true,"href":"https:\/\/culturotheque.fr\/index.php\/wp-json\/wp\/v2\/comments?post=8123"}],"version-history":[{"count":11,"href":"https:\/\/culturotheque.fr\/index.php\/wp-json\/wp\/v2\/posts\/8123\/revisions"}],"predecessor-version":[{"id":8241,"href":"https:\/\/culturotheque.fr\/index.php\/wp-json\/wp\/v2\/posts\/8123\/revisions\/8241"}],"wp:featuredmedia":[{"embeddable":true,"href":"https:\/\/culturotheque.fr\/index.php\/wp-json\/wp\/v2\/media\/8143"}],"wp:attachment":[{"href":"https:\/\/culturotheque.fr\/index.php\/wp-json\/wp\/v2\/media?parent=8123"}],"wp:term":[{"taxonomy":"category","embeddable":true,"href":"https:\/\/culturotheque.fr\/index.php\/wp-json\/wp\/v2\/categories?post=8123"},{"taxonomy":"post_tag","embeddable":true,"href":"https:\/\/culturotheque.fr\/index.php\/wp-json\/wp\/v2\/tags?post=8123"}],"curies":[{"name":"wp","href":"https:\/\/api.w.org\/{rel}","templated":true}]}}