{"id":8126,"date":"2021-10-18T17:20:15","date_gmt":"2021-10-18T15:20:15","guid":{"rendered":"https:\/\/culturotheque.fr\/?p=8126"},"modified":"2021-10-28T08:24:44","modified_gmt":"2021-10-28T06:24:44","slug":"la-tete-du-long-jean-2","status":"publish","type":"post","link":"https:\/\/culturotheque.fr\/index.php\/2021\/10\/18\/la-tete-du-long-jean-2\/","title":{"rendered":"La t\u00eate du long Jean"},"content":{"rendered":"<p><a href=\"https:\/\/photos.app.goo.gl\/BbhqQqGDjkZLQygk6\">Voir ici les photos d&rsquo;Yves concernant la randonn\u00e9e \u00e0 Eygali\u00e8res.<\/a><br \/>\n<!--more--><\/p>\n<p style=\"text-align: justify;\">Nous quittons le parking de la D24 pr\u00e8s de la barre rocheuse avant le Mas de Vallongue, pr\u00e8s du petit pont. Une ancienne connaissance. Nous traversons la D24 et par le sentier qui longe la route nous retrouvons la piste qui longe le petit Calan. Rapidement nous arrivons sur les hauteurs qui surplombent Eygali\u00e8res (<em>Aquarelia pour les Romains et Elgaliero pour les Proven\u00e7aux<\/em>) Son nom est due aux sources gu\u00e9risseuses du quartier Saint-Sixte.<br \/>\nNous descendons vers le village et au carrefour nous prenons la d\u00e9partementale jusqu&rsquo;\u00e0 trouver le Camin de Bagna (<em>Bagna pour les gens d&rsquo;ici est un plat qui correspond \u00e0 l&rsquo;ancho\u00efade des languedociens<\/em>) . Le chemin est une petite route born\u00e9e de mas des plus hupp\u00e9s. De belles oliveraies et des portails magnifiques. Nous nous contenterons de la route. Les mas, ce n&rsquo;est pas pour nous. Pour les randonneurs-people nous jouons aux paparazzi et lorgnons sur la villa de M. Drucker. Son h\u00e9lico n&rsquo;est pas l\u00e0 mais les cam\u00e9ras de surveillance sont partout. Finalement nous rejoignons la chapelle saint-Sixte. Petite chapelle du 12i\u00e8me si\u00e8cle qui a servi de lazaret pendant la peste de 1629. Elle d&rsquo;une simplicit\u00e9 extraordinaire dans un cadre \u00e0 couper le souffle. Elle est une des images de la Provence.<br \/>\nPetite pause puis par la sente qui longe la d\u00e9partementale nous partons \u00e0 l&rsquo;assaut du Long Jean par le chemin de Costebonne. C&rsquo;est tout droit jusqu&rsquo;\u00e0 la ligne \u00e0 haute tension. Heureusement Hubert n&rsquo;est pas l\u00e0 car nous obliquons \u00e0 gauche sous la ligne pour attaquer une grimpette jusqu&rsquo;au sommet du LongJean.<br \/>\nDe l\u00e0-haut une vue \u00e0 360\u00b0: le mont Ventoux est visible mais envelopp\u00e9 d&rsquo;une brume de chaleur, les cr\u00e8tes des Alpilles se d\u00e9coupent de l&rsquo;autre c\u00f4t\u00e9, au loin Eygali\u00e8res . On voit m\u00eame un pont au loin sur la Durance. Trop beau pour repartir. Nous nous installons pour y pique-niquer et pensons aux autres randonneurs qui ne peuvent partager cette vue.<br \/>\nDidier est de retour, donc sieste de 30 mn obligatoire.<br \/>\nLe r\u00e9veil sonne ! Nous repartons vers Eygali\u00e8res. C&rsquo;est tout droit.<br \/>\nNous passons en silence devant le monast\u00e8re de l&rsquo;Epiphanie. C&rsquo;est un mas proven\u00e7al am\u00e9nag\u00e9 qui abrite\u00a0 une communaut\u00e9 de s\u0153urs et d&rsquo;un pr\u00eatre qui vivent selon les principes des P\u00e8res de D\u00e9sert.<br \/>\nNour arrivons \u00e0 Eygali\u00e8res et nos partageons nos connaissances des lieux avec Yves pour qui c&rsquo;est la premi\u00e8re fois.<br \/>\nNous descendons la rue principale et par le GR nous rejoignons notre parking.<br \/>\nIl est t\u00f4t mais nous avons bien march\u00e9 et profit\u00e9 de cette belle journ\u00e9e ensoleill\u00e9e.<br \/>\nRapha\u00ebl.<br \/>\n<strong><span style=\"text-decoration: underline;\">Cotation<\/span> <\/strong>-JB4 &#8211; 19,5 km &#8211; d\u00e9nivel\u00e9 480m.<\/p>\n","protected":false},"excerpt":{"rendered":"<p>Voir ici les photos d&rsquo;Yves concernant la randonn\u00e9e \u00e0 Eygali\u00e8res.<\/p>\n","protected":false},"author":1,"featured_media":8128,"comment_status":"closed","ping_status":"closed","sticky":false,"template":"","format":"standard","meta":{"footnotes":""},"categories":[4],"tags":[],"class_list":["post-8126","post","type-post","status-publish","format-standard","has-post-thumbnail","hentry","category-randonnees"],"_links":{"self":[{"href":"https:\/\/culturotheque.fr\/index.php\/wp-json\/wp\/v2\/posts\/8126","targetHints":{"allow":["GET"]}}],"collection":[{"href":"https:\/\/culturotheque.fr\/index.php\/wp-json\/wp\/v2\/posts"}],"about":[{"href":"https:\/\/culturotheque.fr\/index.php\/wp-json\/wp\/v2\/types\/post"}],"author":[{"embeddable":true,"href":"https:\/\/culturotheque.fr\/index.php\/wp-json\/wp\/v2\/users\/1"}],"replies":[{"embeddable":true,"href":"https:\/\/culturotheque.fr\/index.php\/wp-json\/wp\/v2\/comments?post=8126"}],"version-history":[{"count":4,"href":"https:\/\/culturotheque.fr\/index.php\/wp-json\/wp\/v2\/posts\/8126\/revisions"}],"predecessor-version":[{"id":8242,"href":"https:\/\/culturotheque.fr\/index.php\/wp-json\/wp\/v2\/posts\/8126\/revisions\/8242"}],"wp:featuredmedia":[{"embeddable":true,"href":"https:\/\/culturotheque.fr\/index.php\/wp-json\/wp\/v2\/media\/8128"}],"wp:attachment":[{"href":"https:\/\/culturotheque.fr\/index.php\/wp-json\/wp\/v2\/media?parent=8126"}],"wp:term":[{"taxonomy":"category","embeddable":true,"href":"https:\/\/culturotheque.fr\/index.php\/wp-json\/wp\/v2\/categories?post=8126"},{"taxonomy":"post_tag","embeddable":true,"href":"https:\/\/culturotheque.fr\/index.php\/wp-json\/wp\/v2\/tags?post=8126"}],"curies":[{"name":"wp","href":"https:\/\/api.w.org\/{rel}","templated":true}]}}