{"id":8154,"date":"2021-10-20T18:55:18","date_gmt":"2021-10-20T16:55:18","guid":{"rendered":"https:\/\/culturotheque.fr\/?p=8154"},"modified":"2021-10-20T18:58:49","modified_gmt":"2021-10-20T16:58:49","slug":"assemblee-generale-ordinaire-du-19-octobre-2021","status":"publish","type":"post","link":"https:\/\/culturotheque.fr\/index.php\/2021\/10\/20\/assemblee-generale-ordinaire-du-19-octobre-2021\/","title":{"rendered":"Assembl\u00e9e G\u00e9n\u00e9rale Ordinaire du 19 octobre 2021"},"content":{"rendered":"<p style=\"text-align: justify;\"><a href=\"https:\/\/culturotheque.fr\/wp-content\/uploads\/2021\/10\/site-COMPTE-RENDU-ASSEMBLEE-GENERALE-DU-19-OCTOBRE-2021.pdf\">COMPTE RENDU ASSEMBLEE GENERALE DU 19 OCTOBRE 2021 version PDF <\/a><\/p>\n<p style=\"text-align: justify;\"><!--more--><\/p>\n<p style=\"text-align: justify;\">La Culturoth\u00e8que\u00a0 -COMPTE RENDU ASSEMBLEE GENERALE ORDINAIRE DU 19 OCTOBRE 2021<\/p>\n<p style=\"text-align: justify;\">L\u2019Assembl\u00e9e G\u00e9n\u00e9rale de La Culturoth\u00e8que s\u2019est tenue ce Mardi <strong>19 octobre\u00a0 2021 <\/strong>en fin d\u2019apr\u00e8s-midi dans notre salle 27 bd Joffre \u2013 1<sup>er<\/sup> \u00e9tage \u00a0\u2013 30300 BEAUCAIRE.<br \/>\n<strong><u>Les questions \u00e0 l\u2019ordre du jour\u00a0:<br \/>\n<\/u><\/strong><strong>1 &#8211; Rapport d\u2019activit\u00e9 <\/strong>&#8211;<strong> 2 &#8211; Rapport moral <\/strong>&#8211; <strong>\u00a03 &#8211; Bilan financier <\/strong>&#8211;<strong> 4 \u2013 Budget pr\u00e9visionnel<\/strong> &#8211;<strong> 5 &#8211;\u00a0 Election de nouveaux membres du Conseil d\u2019Administration \u2013 6 Questions diverses.<br \/>\n<\/strong>Conform\u00e9ment aux Statuts, l\u2019A.G. ordinaire se r\u00e9unit chaque ann\u00e9e au mois d\u2019octobre. Les convocations avaient \u00e9t\u00e9 notifi\u00e9es sur le programme pour tous les membres.<br \/>\nLa feuille de pr\u00e9sence fait \u00e9tat d\u2019un nombre suffisant car suivant les statuts le tiers des membres \u00e0 jour de leur cotisation\u00a0 (105 <em>membres \u00e0 jour de leur cotisation<\/em>), plus 1 suffisent \u00e0 l\u2019A.G. pour d\u00e9lib\u00e9rer valablement\u00a0 (<strong><em>44 membres pr\u00e9sents +12 pouvoirs<\/em><\/strong><em>).<br \/>\n<\/em>La s\u00e9ance est ouverte \u00e0 : <strong>17H11<br \/>\n<\/strong>Les membres du Bureau et les membres du Conseil d\u2019Administration assistent la Pr\u00e9sidente pour le d\u00e9roulement de l\u2019Assembl\u00e9e.<br \/>\nLa Pr\u00e9sidente remercie chaleureusement les membres de leur pr\u00e9sence et ouvre la s\u00e9ance.<br \/>\nAvant de passer \u00e0 l\u2019ordre du jour, elle demande si une (<em>ou des<\/em>) question(s) compl\u00e9mentaires doivent \u00eatre mis en compl\u00e9ment l\u2019ordre du jour par un ou des membres de l\u2019Association.<br \/>\nElle invite aussi les adh\u00e9rents qui le d\u00e9sirent \u00e0 se pr\u00e9senter au Conseil d\u2019Administration.<br \/>\nLa Pr\u00e9sidente ouvre la s\u00e9ance avec des Remerciements :<br \/>\naux Membres du Conseil d\u2019Administration pour leur constant soutien face aux cons\u00e9quences de la pand\u00e9mie de la Covid19.<br \/>\nA tous les membres qui ont soutenu l\u2019association durant cette p\u00e9riode particuli\u00e8re.<br \/>\n<strong>Carnet Noir<\/strong>\u00a0: Susy nous a quitt\u00e9s. Elle faisait partie des membres actifs du Conseil d\u2019Administration o\u00f9 elle a assur\u00e9 le r\u00f4le de Tr\u00e9sori\u00e8re durant presque 10 ans.<br \/>\nL\u2019Assembl\u00e9e adresse ses condol\u00e9ances aussi \u00e0 de nombreux adh\u00e9rents qui ont perdu un membre proche de leur famille <em>(m\u00e8re, p\u00e8re, enfant, mari\u2026).<br \/>\n<\/em><strong>NOMBRE D\u2019ADHERENTS SAISON 2020\/2021\u00a0<\/strong> : <strong>86\u00a0 <\/strong><em>(197 en 2019\/2020 \u2013 111 soit\u00a0 pr\u00e8s de 60 % de moins)<\/em> \u2013 Nombre de licenci\u00e9s\u00a0: <strong>75<\/strong>\u00a0 <em>(139 en 2019\/2020 &#8211; 64 soit 53 % de moins).<br \/>\n<\/em><strong>1 &#8211; RAPPORT D\u2019ACTIVITES\u00a0:<br \/>\n5 conf\u00e9rences<\/strong> : En moyenne 15 adh\u00e9rents\/conf\u00e9rence (<em>70\/80 la saison pr\u00e9c\u00e9dente<\/em>). Pour ceux qui y ont particip\u00e9s, il y avait une impression de \u00ab\u00a0salle vide\u00a0\u00bb.<br \/>\n\u00ab\u00a0Guillaume de Nogaret\u00a0\u00bb\u00a0<em>Mich\u00e8le<\/em> \u2013 \u2013\u00ab\u00a0L\u2019Art de la Renaissance\u00a0\u00bb. <em>Mich\u00e8le <\/em>\u2013 \u00ab\u00a0<a href=\"http:\/\/culturotheque.fr\/index.php\/2019\/10\/01\/auguste-rodin-et-la-posterite\/\">Les<\/a> jeunes peintres espagnols\u00a0\u00bb. <em>Claire-Lise Creissen\u00a0 &#8211; <\/em>\u00ab\u00a0Le secret d\u2019Agatha Crisitie\u00a0\u00bb. <em>Mich\u00e8le <\/em>\u2013 \u00ab\u00a0Les Antiques de Glanum\u00a0\u00bb. <em>Janice Lert<br \/>\n<\/em><strong>4 Sorties Culturelles<\/strong>\u00a0: Uniquement des sorties en co-voiturage.<br \/>\nMARSILLARGUES et AIGUES MORTES\u00a0: <em>Visite guid\u00e9e du ch\u00e2teau et du mus\u00e9e de Marsillargues + petit trains des salins du Midi<\/em>.\u00a0 &#8211; AIX EN PROVENCE\u00a0: Visite guid\u00e9e de l\u2019Exposition \u00ab\u00a0<em>Joaquin SOROLLA LUMIERES ESPAGNOLES<\/em>\u00a0\u00bb \u00e0 l\u2019H\u00f4tel de Caumont \u2013 BEAUCAIRE\u00a0: Visite guid\u00e9e du ch\u00e2teau de Beaucaire.\u00a0 \u2013 SORGUES : Visite guid\u00e9e des Jardins du Ch\u00e2teau de Brantes (+ 1 repas dans les jardins). \u2013\u00a0 AIGUES-MORTES\u00a0: Croisi\u00e8re Repas en Camargue <em>(visite guid\u00e9e, repas, animation musicale, visite d\u2019une Manade).<br \/>\n<\/em><strong>157 <\/strong><em><strong>Randonn\u00e9es<\/strong> \u00a0g\u00e9r\u00e9es pour la saison &#8211; <\/em>119 Randonn\u00e9es dont liste ci-dessous + 38 randonn\u00e9es faciles men\u00e9es par <em>Betty<\/em> et <em>Henri<\/em><em> soit<br \/>\n<\/em>Animateurs\u00a0: <strong><em>Betty,<\/em><\/strong> <strong><em>Monique, France, Mich\u00e8le, N\u00e9n\u00e9, Yves, Hubert, Philippe, Rapha\u00ebl, Henri.<br \/>\n<\/em><\/strong>Merci encore pour leur engagement et les belles randonn\u00e9es propos\u00e9es ! (<em>Voir liste des randonn\u00e9es ci-dessous).<br \/>\n<\/em><strong>1 SEANCE LECTURE PARTAGEE<\/strong>\u00a0 <em>(Claude)<br \/>\n<\/em><strong>1 ANIMATION CLUB PYRAMIDE<\/strong>\u00a0 <em>(Marie-Claude)<br \/>\n<\/em>\u00a0<strong>4 ANIMATIONS CLUB DE SCRABBLE<\/strong>\u00a0 <em>(Pierrette)<br \/>\n<\/em><strong>INFORMATIQUE : <\/strong>1 SEANCE CLUB INFORMATIQUE <em>(Jean).<br \/>\n<\/em>+ NOTRE SITE\u00a0: Il rencontre toujours un grand succ\u00e8s\u00a0: environ 1000 clics par jour\u00a0!<br \/>\nNotre site\u00a0 est devenu maintenant aussi un outil entier d\u2019information et de gestion m\u00eame si\u00a0 on peut encore l\u2019am\u00e9liorer.<br \/>\n<strong>8 SEANCES CLUB DE GYM<\/strong>\u00a0<em>(Maryse, Dominique, Liliane)<br \/>\n<\/em><strong>1 SEJOUR et VOYAGE<\/strong>\u00a0: 13 participants.<br \/>\nSEJOUR RANDO CERDAGNE : Ce s\u00e9jour a bien plu. 1 randonn\u00e9e en commun le 1<sup>er<\/sup> jour \u2013 2 groupes <em>(1 groupe Mich\u00e8le, 1 groupe Yves)<\/em> le 2<sup>\u00e8me<\/sup> jour \u2013 3 groupes <em>(1 groupe Yves, 1 groupe Philippe, 1 groupe Mich\u00e8le et regroupement dans l\u2019apr\u00e8s-midi du groupe Mich\u00e8le et Philippe)<\/em> et 1 groupe le 4<sup>\u00e8me<\/sup> jour et 2 groupes l\u2019apr\u00e8s-midi.<br \/>\n<strong>LES EXTRAS\u00a0:<br \/>\n<\/strong>Participation au repas\u00a0 \u00ab\u00a0Journ\u00e9e Croisi\u00e8re Camargue\u00a0\u00bb + caf\u00e9s ou glaces randonneurs.<br \/>\n<strong>LES FORMATIONS ANIMATEUR RANDO :<br \/>\n<\/strong><strong><em>Hubert <\/em><\/strong>et<strong> <em>Rapha\u00ebl<\/em><\/strong> ont obtenu leur <strong>Brevet F\u00e9d\u00e9ral<\/strong><em> (juin 2021)<br \/>\n<\/em><strong><em>N\u00e9n\u00e9<\/em><\/strong> \u00a0a obtenu son dipl\u00f4me d\u2019animateur RandoSant\u00e9\u00ae <em>(septembre 2020).<br \/>\n<\/em>Le Conseil a vivement remerci\u00e9 tous ces dipl\u00f4m\u00e9s pour leur travail et leur engagement vis-\u00e0-vis de La Culturoth\u00e8que. Ces stages avaient \u00e9t\u00e9 report\u00e9s du fait de la crise sanitaire.<br \/>\nEn raison de ces reports 3 animateurs n\u2019ont pas pu poursuivre : Jutta pour cause de blessure, No\u00eblle pour d\u00e9m\u00e9nagement, Guy pour op\u00e9ration de la hanche.<br \/>\nLe rapport d\u2019activit\u00e9 est mis au vote\u00a0:<strong>approuv\u00e9 \u00e0 l\u2019unanimit\u00e9.<br \/>\n<\/strong><strong>2 &#8211; Rapport moral.<br \/>\n<\/strong>Un nombre important des adh\u00e9rents n\u2019avaient pas, repris en septembre leur adh\u00e9sion.<br \/>\nTr\u00e8s peu de participation aux conf\u00e9rences de Septembre\/d\u00e9but octobre.<br \/>\nPuis le confinement n\u2019a pas permis la reprise des activit\u00e9s en salle, donc on peut consid\u00e9rer que tr\u00e8s peu d\u2019adh\u00e9rents ont particip\u00e9 en fait assid\u00fbment aux activit\u00e9s.<br \/>\nMais l\u2019\u00e9quipe d\u2019animateurs et de randonneurs qui ont particip\u00e9 r\u00e9guli\u00e8rement ont pu \u00ab\u00a0s\u2019\u00e9vader\u00a0\u00bb et gard\u00e9 un bon moral.\u00a0 La bonne ambiance l\u00e9gendaire n\u2019a pas faibli.<br \/>\n<strong>Bilan Covid 19<\/strong>\u00a0: Les gestes barri\u00e8res ont \u00e9t\u00e9 bien appliqu\u00e9s. Quelques personnes ont \u00e9t\u00e9 atteintes, mais par contamination hors association\u00a0: un d\u00e9c\u00e8s, une grave hospitalisation\u2026 Il n\u2019y a pas eu de cluster au sein de La Culturoth\u00e8que.<br \/>\nLe rapport moral est mis au vote\u00a0:<strong>approuv\u00e9 \u00e0 l\u2019unanimit\u00e9.<br \/>\n<\/strong><strong>3 &#8211; Rapport financier\u00a0:<br \/>\n<\/strong><strong>Jean<\/strong> Pr\u00e9sente le compte d\u2019Exploitation.<br \/>\nOn peut voir qu\u2019il ne ressemble en rien au compte d\u2019exploitation des autres ann\u00e9es.<br \/>\nL\u2019Assembl\u00e9e remercie <strong>Catherine<\/strong> qui se\u00a0 charge de r\u00e9cup\u00e9rer la\u00a0 subvention de chaque saison\u00a0 aupr\u00e8s de la Mairie.\u00a0\u00a0 Elle est de 1000 \u20ac. L\u2019assembl\u00e9e remercie Catherine et la Mairie.<br \/>\nLe compte d\u2019exploitation fait appara\u00eetre un solde d\u2019exploitation positif, comme cela \u00e9tait le cas l\u2019ann\u00e9e pr\u00e9c\u00e9dente \u00a0du fait de la difficult\u00e9 de g\u00e9rer l\u2019association avec les activit\u00e9s habituelles du fait de la crise sanitaire.<br \/>\nLes soldes se reportent donc.<br \/>\nLe rapport financier est mis au vote\u00a0:<strong> approuv\u00e9 \u00e0 l\u2019unanimit\u00e9.<br \/>\n<\/strong><strong>4<\/strong> &#8211; <strong>Budget pr\u00e9visionnel<\/strong>\u00a0:<br \/>\nComme chaque ann\u00e9e, les d\u00e9penses sont calqu\u00e9es sur les recettes pour garder justement cet \u00e9quilibre financier.<br \/>\nCe Budget pr\u00e9visionnel est mis au vote\u00a0: <strong>approuv\u00e9 \u00e0 l\u2019unanimit\u00e9.<br \/>\n<\/strong><strong>6 &#8211; Membres d\u00e9sirant entrer au Conseil d\u2019Administration\u00a0:<br \/>\n<\/strong><strong>Aucun adh\u00e9rent ne se pr\u00e9sente au Conseil d\u2019Administration.<br \/>\n<\/strong>Rappel des membres du Conseil d\u2019Administration\u00a0:<br \/>\n<strong>Martine T\u00a0., Daniel, Catherine, Marit\u00e9, Eliane, Liliane, <\/strong><strong>Andr, Jean, N\u00e9n\u00e9, Christine, Charles, Mich\u00e8le, Genevi\u00e8ve, Martine L..<br \/>\n<\/strong>La Pr\u00e9sidente remercie les membres du Conseil d\u2019Administration et les responsables d\u2019activit\u00e9s <strong>pour leur travail accompli.<br \/>\n<\/strong>Les Membres du conseil d\u2019administration sont tous convoqu\u00e9s \u00e0 <strong>la r\u00e9union du 02 novembre <\/strong>avec pour ordre du jour\u00a0: <strong>\u00e9lection du bureau <\/strong>et <strong>questions compl\u00e9mentaires<\/strong>.<br \/>\n<strong>5 QUESTIONS SUPPLEMENTAIRES<br \/>\n<\/strong><strong>5-1 \u2013 Des LOTOS seront-ils organis\u00e9s cette ann\u00e9e\u00a0?<br \/>\n<\/strong><strong>Charles<\/strong> r\u00e9pond\u00a0: la salle du Casino a \u00e9t\u00e9 r\u00e9serv\u00e9e pour deux LOTOS. Le premier pour le Samedi 20 novembre. On attend 1 semaine encore pour \u00ab\u00a0lancer la machine\u00a0\u00bb de l\u2019organisation. Il faut avoir plus de pr\u00e9cisions sur les consignes sanitaires, l\u2019organisation du PASS SANITAIRE. Etc\u2026<br \/>\nAnnie pr\u00e9cise qu\u2019il y a une nouvelle loi concernant les LOTOS (<em>lots plafonn\u00e9s<\/em>) mais, en principe cet aspect ne devrait pas trop toucher notre organisation habituelle.<br \/>\nMarie-Jo, nouvelle adh\u00e9rente pose des questions sur l\u2019organisation. Les informations sont donc rappel\u00e9es \u00e0 l\u2019assembl\u00e9e.<br \/>\n<strong>5-2 \u2013 Mich\u00e8le lance un appel<\/strong>.<br \/>\nMalgr\u00e9 la mise en place de la gestion en ligne, elle \u00ab\u00a0sombre\u00a0\u00bb compl\u00e8tement sous le travail\u00a0: la co\u00efncidence a voulu que toutes\u00a0 les Banques, ces derniers jours ont chang\u00e9 leur mode de s\u00e9curit\u00e9 et de ce fait de nombreux adh\u00e9rents ont d\u00fb se mettre en rapport avec leurs \u00e9tablissements bancaires pour adh\u00e9rer (<em>il y en a encore qui ont des difficult\u00e9s<\/em>), d\u2019autre part\u00a0 la FFRandonn\u00e9e met aussi en place la d\u00e9mat\u00e9rialisation des licences et cela entra\u00eene un surcro\u00eet de travail.<br \/>\nElle demande donc s\u2019il y a un adh\u00e9rent qui d\u00e9sirerait \u00eatre form\u00e9 \u00e0 partir du mois de janvier pour prendre le relais pour prendre la gestion des adh\u00e9sions, et ce avec l\u2019engagement de le faire sur plusieurs ann\u00e9es, \u00a0\u00e0 partir de la rentr\u00e9e prochaine.<br \/>\nPlus de \u00a0question n\u2019\u00e9tant abord\u00e9e et plus de question n\u2019\u00e9tant \u00e0 l\u2019ordre du jour, la S\u00e9ance de l\u2019Assembl\u00e9e G\u00e9n\u00e9rale Ordinaire de la Culturoth\u00e8que a \u00e9t\u00e9 lev\u00e9e \u00e0\u00a0 18h00 pour se retrouver tous ensemble dans un moment convivial avec un ap\u00e9ritif d\u00eenatoire ou chacun a apport\u00e9 ses \u00ab\u00a0sp\u00e9cialit\u00e9s\u00a0\u00bb et surtout retrouver l\u2019ambiance d\u2019antan.<\/p>\n<p style=\"text-align: justify;\"><strong>LISTE DES RANDONNEES EFFECTUEES SAISON 2020\/2021<\/strong>\u00a0:<br \/>\nSEPTEMBRE \u2013 11 &#8211; <a href=\"http:\/\/culturotheque.fr\/wp-admin\/post.php?post=5777&amp;action=edit\"><strong>Le chemin des chaussettes<\/strong><\/a><strong>\u00a0 <\/strong><em>(Mich\u00e8le) <\/em>\u00a0&#8211; <a href=\"http:\/\/culturotheque.fr\/wp-admin\/post.php?post=5782&amp;action=edit\"><strong>L\u2019Ermitage<\/strong><\/a><strong>\u00a0 <\/strong><em>(Mich\u00e8le) <\/em>\u00a0&#8211; <a href=\"http:\/\/culturotheque.fr\/index.php\/2020\/09\/18\/memoires-de-garrigue\/\"><strong>Memoires de Garrigue<\/strong><\/a> <strong><em>(Mich\u00e8le) <\/em><\/strong>\u00a0&#8211; <a href=\"http:\/\/culturotheque.fr\/index.php\/2020\/09\/21\/ste-agathe-sabran\/\"><strong>Ste Agathe Sabran<\/strong><\/a><strong>\u00a0 <\/strong><em>(Mich\u00e8le)<strong>\u00a0 &#8211; <\/strong><\/em><a href=\"http:\/\/culturotheque.fr\/index.php\/2020\/09\/21\/la-sabranenque\/\"><strong>La Sabranenque<\/strong><\/a>\u00a0 <em>(Rapha\u00ebl-Yves)<\/em> &#8211; <a href=\"http:\/\/culturotheque.fr\/wp-admin\/post.php?post=5850&amp;action=edit\"><strong>La Font de l\u2019Abb\u00e9<\/strong><\/a> <em>(Mich\u00e8le)<strong> &#8211; <\/strong><\/em>\u00a0<a href=\"http:\/\/culturotheque.fr\/wp-admin\/post.php?post=5859&amp;action=edit\"><strong>Lavoir de la Louvi\u00e8re et Oppidum de Gaujac<\/strong><\/a><strong>\u00a0 <\/strong><em>(Mich\u00e8le)<strong>\u00a0 &#8211; <\/strong><\/em><a href=\"http:\/\/culturotheque.fr\/index.php\/2020\/09\/25\/loppidum-de-gaujac-par-la-vigie\/\"><strong>L\u2019Oppidum de Gaujac par la Vigie<\/strong><\/a>\u00a0 <em>(Rapha\u00ebl)<\/em> &#8211; <a href=\"http:\/\/culturotheque.fr\/index.php\/2020\/09\/28\/roc-de-gachone\/\"><strong>Roc de Gachone<\/strong><\/a><strong>\u00a0 <\/strong><em>(Mich\u00e8le)<strong>\u00a0 &#8211; <\/strong><\/em><a href=\"http:\/\/culturotheque.fr\/index.php\/2020\/09\/28\/la-tour-de-guet-2\/\"><strong>La<\/strong><\/a><strong> Tour de guet de la Vaunage\u00a0 <em>&#8211;<\/em><\/strong><a href=\"http:\/\/culturotheque.fr\/index.php\/2020\/09\/30\/la-sartanette-2\/\"><strong>La Sartanette<\/strong><\/a>\u00a0 <em>(Philippe) \u2013<br \/>\n<\/em>OCTOBRE \u2013 11 &#8211; <a href=\"http:\/\/culturotheque.fr\/index.php\/2020\/10\/12\/le-chateau-dallegre-2\/\"><strong>Le ch\u00e2teau d\u2019All\u00e8gre<\/strong><\/a>\u00a0 <em>(N\u00e9n\u00e9) &#8211;\u00a0 <\/em><a href=\"http:\/\/culturotheque.fr\/wp-admin\/post.php?post=5918&amp;action=edit\"><strong>La tour des Opi\u00e8s<\/strong><\/a>\u00a0 <em>(Rapha\u00ebl) &#8211; <\/em><a href=\"http:\/\/culturotheque.fr\/wp-admin\/post.php?post=5929&amp;action=edit\"><strong>La piste des lombards<\/strong><\/a><strong>\u00a0 <\/strong><em>(Philippe)<strong> &#8211; <\/strong><\/em><a href=\"http:\/\/culturotheque.fr\/index.php\/2020\/10\/16\/la-combe-des-bourguignons-2\/\"><strong>La Combe des Bourguignons<\/strong><\/a>\u00a0 <em>(Rapha\u00ebl) &#8211; <\/em><a href=\"http:\/\/culturotheque.fr\/index.php\/2020\/10\/16\/tremae-et-gae\/\"><strong>Trema\u00eb et Ga\u00eb<\/strong><\/a>\u00a0 <em>(Philippe) &#8211; <\/em><a href=\"http:\/\/culturotheque.fr\/wp-admin\/post.php?post=5950&amp;action=edit\"><strong>D\u2019Aureille \u00e0 Eygali\u00e8res<\/strong><\/a>\u00a0 <em>(Rapha\u00ebl)<\/em> &#8211; <strong>Le vallon de St Gens <\/strong><em>(N\u00e9n\u00e9)<\/em> &#8211; <strong>La tour de Guet\u00a0 <\/strong><em>(Mich\u00e8le) <\/em>\u00a0&#8211; <strong>Les Gorges de Badarel <\/strong><em>(Hubert)<\/em> &#8211; <strong>La Baume St V\u00e9r\u00e9d\u00e8me <\/strong><em>(Mich\u00e8le)<strong>\u00a0 &#8211; <\/strong><\/em><strong>Tarlivay <\/strong><em>(Mich\u00e8le)<br \/>\n<\/em><strong>Novembre &#8211; 0<br \/>\n<\/strong><strong>D\u00e9cembre \u2013 6\u00a0 &#8211; Le tour du Paradis <\/strong><em>(Mich\u00e8le) <\/em>\u00a0<strong>&#8211; Les Regagnons <\/strong><em>(Mich\u00e8le) <\/em><strong>\u00a0&#8211; Le ch\u00e2teau de Boulbon <\/strong><em>(Mich\u00e8le) <\/em><strong>\u00a0&#8211; Chapelle St Laurent <\/strong><em>(Mich\u00e8le) <\/em><strong>\u00a0&#8211; Chapelle St Laurent <\/strong><em>(Hubert, Rapha\u00ebl)<\/em> <strong>&#8211; L\u2019api\u00e9 de Montagnac <\/strong><em>(Mich\u00e8le)<br \/>\n<\/em><strong>Janvier \u2013 19 &#8211; Les Cadeni\u00e8res <\/strong><em>(Mich\u00e8le) <\/em><strong>\u00a0&#8211; Autour des Tunnels <\/strong><em>(Mich\u00e8le) <\/em><strong>&#8211; Autour des Tunnels <\/strong><em>(Yves &#8211;\u00a0 Rapha\u00ebl)<strong> &#8211; <\/strong><\/em><strong>La Grand Combe <\/strong><em>(Rapha\u00ebl)<\/em><strong> &#8211; La Grand Combe <\/strong><em>(Mich\u00e8le) <\/em><strong>\u00a0&#8211; Autour de St Michel <\/strong><em>(Mich\u00e8le) <\/em><strong>\u00a0&#8211; Le Bois de Clausonne <\/strong><em>(Andr\u00e9)<\/em><strong> &#8211; Le bois de Clausonne <\/strong><em>(Hubert &#8211; Rapha\u00ebl)<\/em><strong> &#8211; Coste Belle, Font Menestri\u00e8re et l\u2019Observatoire de la Pierre <\/strong><em>(Mich\u00e8le) <\/em><strong>\u00a0&#8211; Coste Belle, Font &#8211; Menestri\u00e8re et l\u2019Observatoire de la Pierre\u00a0 <\/strong><em>(Rapha\u00ebl, Yves)<\/em><strong> &#8211; Autour de la Costi\u00e8re <\/strong><em>(Hubert)<\/em><strong> &#8211; Les chemins des moulins <\/strong><em>(Mich\u00e8le) <\/em><strong>\u00a0&#8211; Les chemins des moulins <\/strong><em>(Hubert)<strong> &#8211; <\/strong><\/em><strong>Mas de Pommet Sarragan<\/strong> <em>(Rapha\u00ebl)<\/em><strong> &#8211; Les Trincades et les Roches Rouges <\/strong><em>(Mich\u00e8le) <\/em><strong>\u00a0&#8211; Les chemins de la Bauxite <\/strong><em>(Mich\u00e8le) <\/em><strong>\u00a0&#8211; L\u2019ermitage de Collias <\/strong><em>(Hubert)<\/em><strong> &#8211; La Torte <\/strong><em>(Mich\u00e8le)<br \/>\n<\/em><strong>F\u00e9vrier \u2013 18\u00a0 &#8211; <\/strong><strong>Combe des Bourguignons et Font de l\u2019Abb\u00e9<\/strong> <em>(Rapha\u00ebl)<\/em><strong> &#8211; Des Baux \u00e0 St R\u00e9my <\/strong><em>(France)<\/em><strong> &#8211; Mourre de la Vay <\/strong><em>(Mich\u00e8le)<strong>\u00a0\u00a0 &#8211; <\/strong><\/em><strong>Les Alpilles par St Gabriel<\/strong> <em>(Hubert)<\/em><strong> &#8211; La halte fluviale <\/strong><em>(Monique)<strong> &#8211; <\/strong><\/em><strong>Les Fosses de Fourn\u00e8s<\/strong> <em>(Rapha\u00ebl)<\/em><strong> &#8211; Ch\u00e2teau la Rabasse et les Fosses <\/strong><em>(Mich\u00e8le) <\/em><strong>\u00a0&#8211; Le Lima\u00e7on <\/strong><em>(Mich\u00e8le) <\/em><strong>\u00a0&#8211; Des Capitelles d\u2019Aramon \u00e0 Saze <\/strong><em>(Hubert)<\/em><strong> &#8211; Les pins de Louisette <\/strong><em>(Mich\u00e8le) <\/em><strong>Servannes <\/strong><em><strong>(<\/strong>Rapha\u00ebl)<\/em><em> &#8211; <\/em><strong>Boucle du Grand M\u00e9jean<\/strong> <em>(Mich\u00e8le)\u00a0 <\/em><em>&#8211; <\/em>V<strong>allon des Marrettes et Montpaon<\/strong> <em>(Mich\u00e8le)<\/em><em>\u00a0 &#8211; <\/em><strong>Oppidum de Nages<\/strong> <em>(Hubert)<\/em><em> &#8211; <\/em><strong>Garrigues de la Beaume<\/strong> <em>(Mich\u00e8le)<\/em><em>\u00a0 &#8211; <\/em><strong>Bordn\u00e8gre et le bois de Castille<\/strong> <em>(Mich\u00e8le)\u00a0 <\/em><em>&#8211; <\/em><strong>Les tours de Castillon <\/strong><em>(Mich\u00e8le)<\/em><em>\u00a0 &#8211; <\/em><strong>L\u2019\u00e9chelle \u00e0 poissons<\/strong> <em>(Mich\u00e8le)<br \/>\n<\/em><strong>Mars \u2013 23 &#8211; <\/strong><strong>Bordn\u00e8gre et St Siffret<\/strong> <em>(Rapha\u00ebl) &#8211;<\/em><strong> Le lac bleu et canal des Baux <\/strong><em>(Mich\u00e8le) <\/em>&#8211; <strong>Le Boulidou <\/strong><em>(Mich\u00e8le)<strong>\u00a0 &#8211; <\/strong><\/em><strong>Le chemin de fer <\/strong><em>(Mich\u00e8le)<strong>\u00a0 <\/strong><\/em><strong>&#8211; Le Mont de la M\u00e8re <\/strong><em>(Hubert) &#8211; <\/em><strong>La cr\u00eate des Alpilles et Vallongue<\/strong> <em>(Rapha\u00ebl)<\/em><strong> &#8211; Les gorges du Gardon et le pont St Nicolas <\/strong><em>(Mich\u00e8le)<strong>\u00a0 <\/strong><\/em><strong>&#8211; Valrugues et Glanum <\/strong><em>(Mich\u00e8le)<strong>\u00a0 <\/strong><\/em><strong>&#8211; Vulpiane et les Eysselettes <\/strong><em>(Mich\u00e8le)<strong>\u00a0 <\/strong><\/em><strong>&#8211; La piste des lombards <\/strong><em>(Hubert)<strong>\u00a0 <\/strong><\/em><strong>&#8211; Chapelle de St Jean d\u2019Orgerolles <\/strong><em>(Rapha\u00ebl) <\/em><strong>\u00a0&#8211; Le ch\u00e2teau de Romanin par le Camini Luen <em>(Mich\u00e8le) <\/em>\u00a0&#8211; La L\u00e8que <em>(Mich\u00e8le) <\/em>\u00a0&#8211; Le Mont Gaussier <em>(Hubert)<\/em> &#8211; Le Roc des Mourgues <\/strong><em>(Mich\u00e8le)<strong>\u00a0 &#8211; <\/strong><\/em><strong>Valmouriane par les Verdi\u00e8<\/strong>res <em>(Rapha\u00ebl)<\/em><strong> &#8211; Les Servi\u00e8res et l\u2019Etang <\/strong><em>(Mich\u00e8le)<strong>\u00a0 <\/strong><\/em><strong>&#8211; Le barrage des Peirou <\/strong><em>(Mich\u00e8le)<strong>\u00a0 <\/strong><\/em><strong>&#8211; Les combes Roque-Rousse et Vayer <\/strong><em>(Hubert)<\/em> <strong>&#8211; L\u2019\u00eele de la Barthelasse <\/strong><em>(Mich\u00e8le)<strong>\u00a0 &#8211; <\/strong><\/em><strong>La L\u00e8que, le Gr\u00e8s du Comte<\/strong> <em>(Rapha\u00ebl)<\/em><strong> &#8211; Les Cadeni\u00e8res par les Lombards <\/strong><em>(Mich\u00e8le)<strong>\u00a0 <\/strong><\/em><strong>&#8211; Le canal historique de la vall\u00e9e des Baux <\/strong><em>(Mich\u00e8le)<strong><br \/>\n<\/strong><\/em><strong>Avril \u2013 10 &#8211;\u00a0 <\/strong><strong>La Barthelasse <\/strong><em>(Mich\u00e8le)<strong>\u00a0 <\/strong><\/em><strong>&#8211; <\/strong><strong>Le Bos de Soulan <\/strong><em>(Mich\u00e8le)<strong>\u00a0 <\/strong><\/em><strong>&#8211; <\/strong><strong>Autour de l\u2019Abbaye de St Roman <\/strong><em>(Mich\u00e8le)<strong>\u00a0 &#8211; <\/strong><\/em><strong>La Brassi\u00e8re <\/strong><em>(Mich\u00e8le)<strong>\u00a0 &#8211; <\/strong><\/em><strong>Pe\u00efre Fioc <\/strong><em>(Mich\u00e8le)<strong>\u00a0 <\/strong><\/em><strong>&#8211; <\/strong><strong>La Voie Domitia <\/strong><em>(Mich\u00e8le)<strong>\u00a0 <\/strong><\/em><strong>&#8211; <\/strong><strong>Massejeanne <\/strong><em>(Mich\u00e8le)<strong>\u00a0 <\/strong><\/em><strong>&#8211; <\/strong><strong>Les \u00eeles du Comte et Vanel <\/strong><em>(Mich\u00e8le)<strong>\u00a0 <\/strong><\/em><strong>&#8211; <\/strong><strong>Triple Lev\u00e9e <\/strong><em>(Mich\u00e8le)<strong>\u00a0 <\/strong><\/em><strong>&#8211; <\/strong><strong>L\u2019Abbaye de St Roman <\/strong><em>(Mich\u00e8le)<strong><br \/>\n<\/strong><\/em>Mai -16 &#8211; <strong>Notre-Dame de Gr\u00e2ce<\/strong> <em>(Rapha\u00ebl) <\/em><em>&#8211; <\/em><strong>Les ocres du plan d\u2019eau des Salettes<\/strong> <em>(Mich\u00e8le)<\/em><em>\u00a0 &#8211; <\/em><strong>Le Pont du Gard par la Sartanette <\/strong><em>(Mich\u00e8le)<\/em><em>\u00a0 &#8211; <\/em><strong>Sentier du L\u00e9zard<\/strong> <em>(Mich\u00e8le)<\/em> \u00a0&#8211; <strong>Sentier des douaniers <\/strong><em><strong>(<\/strong>Yves)<\/em><em> &#8211; <\/em><strong>Pi\u00e9 de Biou<\/strong> <em>(Mich\u00e8le)<\/em><em>\u00a0 &#8211; <\/em><strong>La Baume Brignolle et le chemin de la Colle<\/strong> <em>(Mich\u00e8le)<\/em> \u00a0&#8211; <strong>La S\u00e9nanque et la Pouraque <\/strong><em>(Rapha\u00ebl)<\/em><em> &#8211; <\/em><strong>Domaine des Issarts<\/strong> <em>(Mich\u00e8le)<\/em><em>\u00a0 &#8211; <\/em><strong>Coste Belle<\/strong> <em>(Mich\u00e8le)<\/em><em>\u00a0 &#8211; <\/em><strong>La Ste Baume et la grotte de la Figui\u00e8re<\/strong> <em>(Mich\u00e8le)<\/em><em>\u00a0 &#8211; <\/em><strong>Vallon de la Verdi\u00e8re<\/strong> <em>(Mich\u00e8le)<\/em> &#8211; <strong>Le Bois des Coufine<\/strong>s <em>(Hubert) &#8211; <\/em><strong>Baumayrane<\/strong> <em>(Mich\u00e8le)<\/em><em>\u00a0 &#8211; <\/em><strong>Autour de Fontaine<\/strong> <em>(Yves)<\/em><em> &#8211; <\/em><strong>Bondelon et le ch\u00e2teau des Ev\u00eaques<\/strong> <em>(Mich\u00e8le)<br \/>\n<\/em>Juin \u2013 5 &#8211; <strong>Autour de Clausonne<\/strong> <em>(N\u00e9n\u00e9) <\/em><em>&#8211; <\/em><strong>La c\u00f4te 71 et le Sablas<\/strong> <em>(Mich\u00e8le)<\/em><em>\u00a0 &#8211; <\/em><strong>Le pied de Vallajouse<\/strong> <em>(Mich\u00e8le)<\/em><em>\u00a0 &#8211; <\/em><strong>Les Bonbons<\/strong> <em>(Mich\u00e8le)<\/em> \u00a0&#8211; <strong>Le Mas Chabert<\/strong> <em>(France).<\/em><em>\u00a0 <\/em><\/p>\n<p>&nbsp;<\/p>\n","protected":false},"excerpt":{"rendered":"<p>COMPTE RENDU ASSEMBLEE GENERALE DU 19 OCTOBRE 2021 version PDF<\/p>\n","protected":false},"author":1,"featured_media":2516,"comment_status":"closed","ping_status":"closed","sticky":false,"template":"","format":"standard","meta":{"footnotes":""},"categories":[41],"tags":[],"class_list":["post-8154","post","type-post","status-publish","format-standard","has-post-thumbnail","hentry","category-actualites"],"_links":{"self":[{"href":"https:\/\/culturotheque.fr\/index.php\/wp-json\/wp\/v2\/posts\/8154","targetHints":{"allow":["GET"]}}],"collection":[{"href":"https:\/\/culturotheque.fr\/index.php\/wp-json\/wp\/v2\/posts"}],"about":[{"href":"https:\/\/culturotheque.fr\/index.php\/wp-json\/wp\/v2\/types\/post"}],"author":[{"embeddable":true,"href":"https:\/\/culturotheque.fr\/index.php\/wp-json\/wp\/v2\/users\/1"}],"replies":[{"embeddable":true,"href":"https:\/\/culturotheque.fr\/index.php\/wp-json\/wp\/v2\/comments?post=8154"}],"version-history":[{"count":3,"href":"https:\/\/culturotheque.fr\/index.php\/wp-json\/wp\/v2\/posts\/8154\/revisions"}],"predecessor-version":[{"id":8158,"href":"https:\/\/culturotheque.fr\/index.php\/wp-json\/wp\/v2\/posts\/8154\/revisions\/8158"}],"wp:featuredmedia":[{"embeddable":true,"href":"https:\/\/culturotheque.fr\/index.php\/wp-json\/wp\/v2\/media\/2516"}],"wp:attachment":[{"href":"https:\/\/culturotheque.fr\/index.php\/wp-json\/wp\/v2\/media?parent=8154"}],"wp:term":[{"taxonomy":"category","embeddable":true,"href":"https:\/\/culturotheque.fr\/index.php\/wp-json\/wp\/v2\/categories?post=8154"},{"taxonomy":"post_tag","embeddable":true,"href":"https:\/\/culturotheque.fr\/index.php\/wp-json\/wp\/v2\/tags?post=8154"}],"curies":[{"name":"wp","href":"https:\/\/api.w.org\/{rel}","templated":true}]}}