{"id":8258,"date":"2021-10-29T08:50:38","date_gmt":"2021-10-29T06:50:38","guid":{"rendered":"https:\/\/culturotheque.fr\/?p=8258"},"modified":"2021-11-01T08:59:20","modified_gmt":"2021-11-01T07:59:20","slug":"lechelle-a-poissons-2","status":"publish","type":"post","link":"https:\/\/culturotheque.fr\/index.php\/2021\/10\/29\/lechelle-a-poissons-2\/","title":{"rendered":"L&rsquo;\u00e9chelle \u00e0 poissons"},"content":{"rendered":"<p style=\"text-align: justify;\"><a href=\"https:\/\/photos.app.goo.gl\/2dWnRCRfruAxXuiv6\">Voir ici les photos de Monique concernant notre randonn\u00e9e \u00e0 Comps<\/a><br \/>\n<!--more-->Le temps est maussade en ce vendredi matin, il tombe m\u00eame quelques gouttes et des pessimistes se d\u00e9clarent forfait . Nous sommes six sur le parking de la salle polyvalente \u00e0 Comps heureux de se retrouver et d\u00e9j\u00e0 la pluie a cess\u00e9. D\u00e9part vers les ar\u00e8nes o\u00f9 nous rencontrons la premi\u00e8re maison d\u00e9cor\u00e9e pour Halloween, on traverse la piste dont certains s\u2019\u00e9tonnent qu\u2019elle soit goudronn\u00e9e, pour arriver au lavoir et d\u00e9couvrir un bel arc en ciel. Descente vers le Gardon que nous longeons destination l\u2019\u00e9chelle \u00e0 poissons. Peu \u00e0 peu le temps se d\u00e9gage pour aboutir \u00e0 un grand soleil qui nous fait choisir le petit chemin bordant le canal, risquant d\u2019\u00eatre humide, plut\u00f4t que la voie verte. Direction l\u2019ancien aqueduc, on tourne \u00e0 droite puis on chemine entre villas \u00e0 droite et bois \u00e0 gauche, on traverse la route de Jonqui\u00e8res et on monte pour arriver au milieu des vignes qui ont leurs belles couleurs d\u2019automne dans lesquelles Dominique a absolument voulu me prendre en photo pour prouver que j\u2019\u00e9tais bien l\u00e0\u2026. Nous passons devant le mas du maire, petite pose sur l\u2019emplacement pique-nique de la voie verte et on reprend le canal pour rejoindre notre point de d\u00e9part.<br \/>\n<em>\u00a0\u00a0\u00a0\u00a0\u00a0\u00a0\u00a0\u00a0\u00a0\u00a0\u00a0\u00a0\u00a0\u00a0\u00a0\u00a0\u00a0\u00a0\u00a0\u00a0\u00a0\u00a0\u00a0\u00a0\u00a0\u00a0\u00a0\u00a0\u00a0\u00a0\u00a0\u00a0\u00a0\u00a0\u00a0\u00a0\u00a0\u00a0\u00a0\u00a0\u00a0\u00a0\u00a0\u00a0\u00a0\u00a0\u00a0\u00a0\u00a0\u00a0\u00a0\u00a0\u00a0\u00a0\u00a0\u00a0\u00a0\u00a0\u00a0\u00a0\u00a0\u00a0\u00a0\u00a0\u00a0\u00a0\u00a0\u00a0\u00a0\u00a0\u00a0\u00a0\u00a0\u00a0 Monique.<br \/>\n<\/em><strong><span style=\"text-decoration: underline;\">Cotation<\/span> <\/strong><em>: DJA1 &#8211; 7.5 km &#8211; 161 m d\u00e9nivel\u00e9.<\/em><\/p>\n","protected":false},"excerpt":{"rendered":"<p>Voir ici les photos de Monique concernant notre randonn\u00e9e \u00e0 Comps<\/p>\n","protected":false},"author":1,"featured_media":8260,"comment_status":"closed","ping_status":"closed","sticky":false,"template":"","format":"standard","meta":{"footnotes":""},"categories":[4],"tags":[],"class_list":["post-8258","post","type-post","status-publish","format-standard","has-post-thumbnail","hentry","category-randonnees"],"_links":{"self":[{"href":"https:\/\/culturotheque.fr\/index.php\/wp-json\/wp\/v2\/posts\/8258","targetHints":{"allow":["GET"]}}],"collection":[{"href":"https:\/\/culturotheque.fr\/index.php\/wp-json\/wp\/v2\/posts"}],"about":[{"href":"https:\/\/culturotheque.fr\/index.php\/wp-json\/wp\/v2\/types\/post"}],"author":[{"embeddable":true,"href":"https:\/\/culturotheque.fr\/index.php\/wp-json\/wp\/v2\/users\/1"}],"replies":[{"embeddable":true,"href":"https:\/\/culturotheque.fr\/index.php\/wp-json\/wp\/v2\/comments?post=8258"}],"version-history":[{"count":2,"href":"https:\/\/culturotheque.fr\/index.php\/wp-json\/wp\/v2\/posts\/8258\/revisions"}],"predecessor-version":[{"id":8261,"href":"https:\/\/culturotheque.fr\/index.php\/wp-json\/wp\/v2\/posts\/8258\/revisions\/8261"}],"wp:featuredmedia":[{"embeddable":true,"href":"https:\/\/culturotheque.fr\/index.php\/wp-json\/wp\/v2\/media\/8260"}],"wp:attachment":[{"href":"https:\/\/culturotheque.fr\/index.php\/wp-json\/wp\/v2\/media?parent=8258"}],"wp:term":[{"taxonomy":"category","embeddable":true,"href":"https:\/\/culturotheque.fr\/index.php\/wp-json\/wp\/v2\/categories?post=8258"},{"taxonomy":"post_tag","embeddable":true,"href":"https:\/\/culturotheque.fr\/index.php\/wp-json\/wp\/v2\/tags?post=8258"}],"curies":[{"name":"wp","href":"https:\/\/api.w.org\/{rel}","templated":true}]}}