{"id":8280,"date":"2021-11-03T15:56:17","date_gmt":"2021-11-03T14:56:17","guid":{"rendered":"https:\/\/culturotheque.fr\/?p=8280"},"modified":"2021-11-05T17:20:41","modified_gmt":"2021-11-05T16:20:41","slug":"le-vieux-village-des-angles","status":"publish","type":"post","link":"https:\/\/culturotheque.fr\/index.php\/2021\/11\/03\/le-vieux-village-des-angles\/","title":{"rendered":"Le vieux village des Angles"},"content":{"rendered":"<p><a href=\"https:\/\/photos.app.goo.gl\/SQQKerywAuY8mbyd7\">Voir ici les photos de notre randonn\u00e9e au vieux village des Angles.<\/a><\/p>\n<p><!--more--><\/p>\n<p style=\"text-align: justify;\">Ambiance joyeuse dans le minibus\u2026 C\u2019est s\u00fbrement pareil dans la voiture qui suit sur une petite route\u2026 bien \u00e9troite, mais tellement belle\u00a0!<br \/>\nMais \u00e7a se corse ! Les tournants pour monter au vieux village des Angles sont tr\u00e8s, tr\u00e8s serr\u00e9s ! On a tous tr\u00e8s chaud, mais on arrive sans encombre et, aussi, \u00e0 se garer !<br \/>\nNous voici sur le parking de la Tour des Mascs (<em>s\u00fbrement la tour des sorci\u00e8res\u00a0!<\/em>) avant de d\u00e9couvrir un circuit fl\u00e9ch\u00e9\u00a0: le fameux sentier des peintres\u00a0!<br \/>\nA nous les belles d\u00e9couvertes : le four banal, l\u2019ancienne mairie et son campanile, un monument \u00e0 la m\u00e9moire d\u2019Arnaud de Pontmartin <em>(ancien homme politique, journaliste, \u00e9crivain, critique litt\u00e9raire \u2013 1811\/1890)<\/em>, la rue Panorama, la porte de la br\u00e8che, l\u2019\u00e9glise\u2026<br \/>\nOn constate, pour notre grand plaisir, que ce discret petit village b\u00e9n\u00e9ficie d\u2019une jolie situation pour regarder au loin, vers Avignon, \u00a0la vall\u00e9e du Rh\u00f4ne, nos ch\u00e8res Alpilles et le Luberon. Il est construit autour \u00a0de l\u2019\u00e9glise Notre-Dame-de-l\u2019Assomption qui semble \u00eatre de style gothique et dont le clocher s\u2019\u00e9l\u00e8ve encore plus haut au-dessus de tous les toits.<br \/>\nOn est sous le charme\u2026 On traine un peu, on d\u00e9couvre quelques reproductions de tableaux d\u2019artistes tr\u00e8s c\u00e9l\u00e8bres comme Andr\u00e9 derain qui a peint plusieurs vues des angles dans les ann\u00e9es 20, mais aussi de Victor Crumi\u00e8re, Frans Masereel, Alfred Lesbros, Marius Breuil, Zygmunt Waliszewski, Herbert Klingst, Fernand Dev\u00e8ze, et Louis Montagn\u00e9, \u00a0qui est n\u00e9 aux Angles mais que l\u2019on conna\u00eet parce que c\u2019est lui qui a d\u00e9cor\u00e9 le restaurant <em>Le Train Bleu<\/em> \u00e0 la Gare de Lyon \u00e0 Paris\u2026.<br \/>\nAutant vous dire que les conversations sont anim\u00e9es\u2026<br \/>\nIl le faut car durant un bon moment on va marcher, marcher\u2026. Sur des trottoirs, en ville ou dans des lotissements\u00a0!<br \/>\nOn fait une petite pause dans la colline des Mourgues : nous voici \u00e0 Villeneuve les Avignon. Nous descellons\u00a0 quelques belles livr\u00e9es\u00a0 cardinalices qui \u00e9taient des palais \u00e9lev\u00e9s pour y accueillir un cardinal et sa suite du temps des Papes en Avignon.<br \/>\nOn descend vers le Rh\u00f4ne pour le grand bonheur de Patrick qui peut admirer de pr\u00e8s sa \u00ab\u00a0maison pr\u00e9f\u00e9r\u00e9e\u00a0\u00bb\u00a0! On prend la pause, photos mais plus loin, une grande fabrique nous intrigue.<br \/>\nElle est transform\u00e9e en r\u00e9sidence d\u2019habitation qui semble bien confortable. On opterait plut\u00f4t de tous s&rsquo;y retrouver et de laisser nos jardins, pelouses, haies \u00e0 tailler\u2026<br \/>\nMaintenant nous remontons doucement vers le vieux village des Angles par un beau sentier. Il porte le nom de \u00ab\u00a0sentier des plantes\u00a0\u00bb et suit \u00e9galement le GR et le chemin de St Jacques de Compostelle (<em>pardi qu\u2019il passe par Avignon\u00a0!<\/em>). Pour nous c\u2019est un havre de tranquillit\u00e9 apr\u00e8s tous ces pas sur bitume et trottoirs\u2026.<br \/>\nMais on a vraiment \u00e9t\u00e9 r\u00e9compens\u00e9 de nos efforts car on a tous \u00e9t\u00e9 heureux de d\u00e9couvrir\u00a0 ce pittoresque village du Gard injustement m\u00e9connu\u00a0!<br \/>\n<strong><u>Cotation\u00a0<\/u><\/strong>: <em>DJB2\u00a0 &#8211; 10.1 km \u2013 171 m d\u00e9nivel\u00e9<\/em><\/p>\n","protected":false},"excerpt":{"rendered":"<p>Voir ici les photos de notre randonn\u00e9e au vieux village des Angles.<\/p>\n","protected":false},"author":1,"featured_media":8288,"comment_status":"closed","ping_status":"closed","sticky":false,"template":"","format":"standard","meta":{"footnotes":""},"categories":[4],"tags":[],"class_list":["post-8280","post","type-post","status-publish","format-standard","has-post-thumbnail","hentry","category-randonnees"],"_links":{"self":[{"href":"https:\/\/culturotheque.fr\/index.php\/wp-json\/wp\/v2\/posts\/8280","targetHints":{"allow":["GET"]}}],"collection":[{"href":"https:\/\/culturotheque.fr\/index.php\/wp-json\/wp\/v2\/posts"}],"about":[{"href":"https:\/\/culturotheque.fr\/index.php\/wp-json\/wp\/v2\/types\/post"}],"author":[{"embeddable":true,"href":"https:\/\/culturotheque.fr\/index.php\/wp-json\/wp\/v2\/users\/1"}],"replies":[{"embeddable":true,"href":"https:\/\/culturotheque.fr\/index.php\/wp-json\/wp\/v2\/comments?post=8280"}],"version-history":[{"count":3,"href":"https:\/\/culturotheque.fr\/index.php\/wp-json\/wp\/v2\/posts\/8280\/revisions"}],"predecessor-version":[{"id":8287,"href":"https:\/\/culturotheque.fr\/index.php\/wp-json\/wp\/v2\/posts\/8280\/revisions\/8287"}],"wp:featuredmedia":[{"embeddable":true,"href":"https:\/\/culturotheque.fr\/index.php\/wp-json\/wp\/v2\/media\/8288"}],"wp:attachment":[{"href":"https:\/\/culturotheque.fr\/index.php\/wp-json\/wp\/v2\/media?parent=8280"}],"wp:term":[{"taxonomy":"category","embeddable":true,"href":"https:\/\/culturotheque.fr\/index.php\/wp-json\/wp\/v2\/categories?post=8280"},{"taxonomy":"post_tag","embeddable":true,"href":"https:\/\/culturotheque.fr\/index.php\/wp-json\/wp\/v2\/tags?post=8280"}],"curies":[{"name":"wp","href":"https:\/\/api.w.org\/{rel}","templated":true}]}}