{"id":8307,"date":"2021-11-08T17:23:51","date_gmt":"2021-11-08T16:23:51","guid":{"rendered":"https:\/\/culturotheque.fr\/?p=8307"},"modified":"2021-11-09T09:32:44","modified_gmt":"2021-11-09T08:32:44","slug":"le-chateau-et-sufferchoix","status":"publish","type":"post","link":"https:\/\/culturotheque.fr\/index.php\/2021\/11\/08\/le-chateau-et-sufferchoix\/","title":{"rendered":"Le ch\u00e2teau et Sufferchoix."},"content":{"rendered":"<p><a href=\"https:\/\/photos.app.goo.gl\/XEEwt3ebcwjb6koS8\">Voir ici les photos de notre randonn\u00e9e \u00e0 La Barben<\/a><br \/>\n<a href=\"https:\/\/1drv.ms\/u\/s!AmQH719VFDtegfobHMqSjB40b5p7ow?e=8I9ag2\">Voir ici les photos de Marie-Jeanne<\/a><br \/>\n<!--more--><\/p>\n<p style=\"text-align: justify;\">Aujourd\u2019hui le jeu est d\u2019arriver les derniers sur le parking du d\u00e9part de la rando\u2026 Qui a gagn\u00e9\u2026 Qui a gagn\u00e9\u00a0?<br \/>\nLa journ\u00e9e s\u2019annonce bien\u2026 les zygomatiques sont \u00a0en \u00e9bullitions\u00a0!<br \/>\nOn se dirige donc vers le ch\u00e2teau de la Barben, il est ferm\u00e9 mais on joue un peu les curieux.\u00a0 Nous avions d\u00e9j\u00e0 visit\u00e9 ce ch\u00e2teau avec La Culturoth\u00e8que mais on voit qu\u2019aujourd\u2019hui le domaine fait la part belle \u00e0 l\u2019histoire et au patrimoine de la Provence\u2026 On prend quelques renseignements, il y a des chances qu\u2019on vienne prochainement d\u00e9couvrir\u00a0 ce lieu de spectacle.<br \/>\nPour l\u2019instant on marche dans un tr\u00e8s beau chemin bord\u00e9 d\u2019arbres centenaires, immenses et sous leurs plus beaux atours\u00a0: les couleurs de l\u2019automne. On suit une petite rivi\u00e8re qui murmure sur notre droite, le Lavaldenan puis, en laissant sur notre droite le sentier par lequel on reviendra (<em>si tout se passe bien\u00a0!),<\/em> le chemin se poursuit dans une belle for\u00eat.<br \/>\nUne petite mont\u00e9e pour d\u00e9passer la T\u00eate du Barrassy et nous voici tous \u00e0 nous d\u00e9shabiller : le soleil chauffe et ici pas de vent. Ensuite tout le monde est content car nous sommes sur une large piste et papotages, plaisanteries, franches rigolades s\u2019en donnent \u00e0 c\u0153ur joie. On traverse la voie TGV.<br \/>\nSur la piste DFCI plus loin nous rencontrons une \u00e9tudiante en cin\u00e9ma\u00a0: elle nous filme et veut tout savoir sur la randonn\u00e9e\u00a0! Les r\u00e9ponses fusent de tout c\u00f4t\u00e9. C\u2019est s\u00fbr qu\u2019elle doit s\u2019imaginer que la randonn\u00e9e est une activit\u00e9\u2026 pas du tout triste.<br \/>\nNous voici devant le Canal de Marseille. On le voit sortir d\u2019un tunnel\u00a0: faut-il le traverser\u00a0? Le longer\u00a0?<br \/>\nAttention\u00a0! Aventure inoubliable. C\u2019est s\u00fbr qu\u2019on en reparlera dans 20 ans\u00a0!<br \/>\nNous retrouvons le canal un peu plus loin, il s\u2019enfoncera \u00e0 nouveau dans la Montagne. Nous on s\u2019assied confortablement sur les berges pour notre pause repas. Cakes, chocolats et bouchons sont de retour\u00a0! On mange m\u00eame des courgettes\u00a0!&#8230; Quel bonheur de rire, de blaguer.<br \/>\nOn continue direction Sufferchoix. En suivant les panneaux on en oublie notre trac\u00e9\u2026 Sufferchoix ? On croyait d\u00e9couvrir une chapelle mais en fait il s\u2019agit d\u2019un foyer construit sur un \u00e9peron rocheux d\u2019o\u00f9 la vue s\u2019\u00e9tend sur les chaines du Luberon, de Ste Victoire, de la Ste-Baume et de l\u2019\u00e9toile. Ces foyers de Charit\u00e9 sont des communaut\u00e9s de baptis\u00e9s, hommes et femmes, dans l\u2019Eglise catholique, qui mettent en commun leurs biens, leurs comp\u00e9tences, leurs charismes.. Ici tout semble flambant neuf, m\u00eame la chapelle qui\u00a0 ne ressemble en rien \u00e0 nos belles chapelles romanes. On essaie de visiter mais toutes les portes se referment devant nous. On n\u2019insiste pas, on reprend notre chemin.<br \/>\nMaintenant c\u2019est en mont\u00e9es et descentes jusqu\u2019\u00e0 arriver \u00e0 une descente\u2026 vertigineuse\u00a0! Tout le monde est au top, qui aurait cru qu\u2019on allait surmonter cet \u00e9pisode de folie\u00a0!<br \/>\nNous revoici dans la belle for\u00eat du d\u00e9part\u2026 Les grands arbres, les jolies couleurs d\u2019automne. On prend le risque d\u2019aller admirer le jardin du ch\u00e2teau et nous voici de retour aux v\u00e9hicules enchant\u00e9s de nos retrouvailles\u2026 et les zygomatiques \u00a0bien fatigu\u00e9s, si la randonn\u00e9e \u00e9tait int\u00e9ressante, l&rsquo;ambiance quant \u00e0 elle a\u00a0 tenue toutes leurs promesses\u00a0 !<br \/>\n<strong><u>Cotation\u00a0:<\/u><\/strong> 12.7 km \u2013 179 m d\u00e9nivel\u00e9.<\/p>\n","protected":false},"excerpt":{"rendered":"<p>Voir ici les photos de notre randonn\u00e9e \u00e0 La Barben Voir ici les photos de Marie-Jeanne<\/p>\n","protected":false},"author":1,"featured_media":8310,"comment_status":"closed","ping_status":"closed","sticky":false,"template":"","format":"standard","meta":{"footnotes":""},"categories":[4],"tags":[],"class_list":["post-8307","post","type-post","status-publish","format-standard","has-post-thumbnail","hentry","category-randonnees"],"_links":{"self":[{"href":"https:\/\/culturotheque.fr\/index.php\/wp-json\/wp\/v2\/posts\/8307","targetHints":{"allow":["GET"]}}],"collection":[{"href":"https:\/\/culturotheque.fr\/index.php\/wp-json\/wp\/v2\/posts"}],"about":[{"href":"https:\/\/culturotheque.fr\/index.php\/wp-json\/wp\/v2\/types\/post"}],"author":[{"embeddable":true,"href":"https:\/\/culturotheque.fr\/index.php\/wp-json\/wp\/v2\/users\/1"}],"replies":[{"embeddable":true,"href":"https:\/\/culturotheque.fr\/index.php\/wp-json\/wp\/v2\/comments?post=8307"}],"version-history":[{"count":7,"href":"https:\/\/culturotheque.fr\/index.php\/wp-json\/wp\/v2\/posts\/8307\/revisions"}],"predecessor-version":[{"id":8315,"href":"https:\/\/culturotheque.fr\/index.php\/wp-json\/wp\/v2\/posts\/8307\/revisions\/8315"}],"wp:featuredmedia":[{"embeddable":true,"href":"https:\/\/culturotheque.fr\/index.php\/wp-json\/wp\/v2\/media\/8310"}],"wp:attachment":[{"href":"https:\/\/culturotheque.fr\/index.php\/wp-json\/wp\/v2\/media?parent=8307"}],"wp:term":[{"taxonomy":"category","embeddable":true,"href":"https:\/\/culturotheque.fr\/index.php\/wp-json\/wp\/v2\/categories?post=8307"},{"taxonomy":"post_tag","embeddable":true,"href":"https:\/\/culturotheque.fr\/index.php\/wp-json\/wp\/v2\/tags?post=8307"}],"curies":[{"name":"wp","href":"https:\/\/api.w.org\/{rel}","templated":true}]}}