{"id":8330,"date":"2021-11-15T19:38:20","date_gmt":"2021-11-15T18:38:20","guid":{"rendered":"https:\/\/culturotheque.fr\/?p=8330"},"modified":"2021-11-17T19:44:39","modified_gmt":"2021-11-17T18:44:39","slug":"mont-bouquet","status":"publish","type":"post","link":"https:\/\/culturotheque.fr\/index.php\/2021\/11\/15\/mont-bouquet\/","title":{"rendered":"Mont Bouquet"},"content":{"rendered":"<p><a href=\"https:\/\/photos.app.goo.gl\/9oc7gmBmAeS5Qf4C9\">Voir ici les photos de notre randonn\u00e9e \u00e0 Bouquet<\/a><br \/>\n<a href=\"https:\/\/1drv.ms\/u\/s!AmQH719VFDtegfo_Ii45RI16H82qaw?e=Qw5xeK\">Voir ici les photos de Marie-Jeanne.<\/a><br \/>\n<a href=\"https:\/\/photos.app.goo.gl\/JxGa7HWCij9J2iTN9\">Voir ici les photos de\u00a0 Fran\u00e7oise.<\/a><\/p>\n<p style=\"text-align: justify;\"><!--more--><\/p>\n<p style=\"text-align: justify;\">Depuis le parking, pr\u00e8s de l\u2019\u00e9glise de Bouquet, nous grimpons jusqu\u2019aux ruines du castellas, Ce ch\u00e2teau a\u00a0 \u00e9t\u00e9, \u00e9difi\u00e9 au 11<sup>\u00e8me<\/sup> si\u00e8cle, abandonn\u00e9 au 18<sup>\u00e8me<\/sup>, rest\u00e9 en ruines des ann\u00e9es durant, et semble \u00eatre actuellement,en cours de restauration.<br \/>\nLe panorama est de toute beaut\u00e9, le ciel ne permettait pas beaucoup de luminosit\u00e9, mais malgr\u00e9 cela, des couleurs douces, d\u00e9corent les paysages lointains.<br \/>\nNous repartons \u00e0 l\u2019int\u00e9rieur d\u2019un sous-bois,\u00a0 pour rejoindre le col du bourricot \u00e0 582 m<em>. (nous avons cherch\u00e9 le bourricot, mais en vain).<br \/>\n<\/em>Puis, nous poursuivons sur notre droite, pour rejoindre un petit sentier pierreux qui s\u2019\u00e9l\u00e8ve r\u00e9guli\u00e8rement, jusqu\u2019au Mont Bouquet (point culminant \u00a0\u00e0 630m).<br \/>\nLe vent est \u00a0froid, \u00a0intense, vif,\u00a0 \u00ab\u00a0\u00e7a d\u00e9coiffe\u00a0\u00bb. Mais, abrit\u00e9s en contrebas, nous prenons notre m\u00e9rit\u00e9 repas, compl\u00e9t\u00e9 par de bons chocolats, biscuits, \u00a0et les bouchons de Mich\u00e8le.<br \/>\nLa position est dominante sur toute la vall\u00e9e de l\u2019Uz\u00e8ge, des C\u00e9vennes, jusqu\u2019au mont Ventoux quand le ciel est d\u00e9gag\u00e9.<br \/>\nSur ce sommet on trouve, La chapelle et la vierge, <em>(La vierge, de rose v\u00eatue \u00e0 l\u2019occasion de notre passage sans doute\u00a0?), <\/em>\u00e9galement,la vigie des pompiers, et un relais de t\u00e9l\u00e9vision.<br \/>\nC\u2019est aussi le lieu d\u2019apprentissage et d\u2019entrainement, de l\u2019\u00e9cole de parapente de Seynes.<br \/>\nNous revenons sur nos pas, pour redescendre jusqu\u2019au col du Bourricot, et emprunter, un peu la D607.<br \/>\nNous prenons peu apr\u00e8s,une piste nous permettant de \u00a0passer dans le hameau\u00a0 du Puech, avec son Eglise, sa Mairie parfaitement restaur\u00e9es, tout en respectant le style de l\u2019environnement.<br \/>\nC\u2019est par la droite sur un beau chemin, arbor\u00e9, que nous regagnonsle village de Bouquet,ainsi que nos v\u00e9hicules.<br \/>\nNous \u00e9tions 13 randonneurs, \u00e9pargn\u00e9s par la pluie, \u00a0avec le souvenir,\u00a0 je pense, d\u2019une agr\u00e9able journ\u00e9e\u00a0!<br \/>\n<em>\u00a0\u00a0\u00a0\u00a0\u00a0\u00a0\u00a0\u00a0\u00a0\u00a0\u00a0\u00a0\u00a0\u00a0\u00a0\u00a0\u00a0\u00a0\u00a0\u00a0\u00a0\u00a0\u00a0\u00a0\u00a0\u00a0\u00a0\u00a0\u00a0\u00a0\u00a0\u00a0\u00a0\u00a0\u00a0\u00a0\u00a0\u00a0\u00a0\u00a0\u00a0\u00a0\u00a0\u00a0\u00a0\u00a0\u00a0\u00a0\u00a0\u00a0\u00a0\u00a0\u00a0\u00a0\u00a0\u00a0\u00a0\u00a0\u00a0\u00a0\u00a0\u00a0\u00a0\u00a0\u00a0\u00a0\u00a0\u00a0\u00a0\u00a0\u00a0\u00a0\u00a0\u00a0\u00a0\u00a0\u00a0\u00a0\u00a0\u00a0\u00a0\u00a0\u00a0\u00a0\u00a0 Guy.<\/em><br \/>\n<span style=\"text-decoration: underline;\"><strong>Cotation\u00a0 :<\/strong><\/span> <em>JB3 &#8211; 13 km &#8211; 400 m d\u00e9nivel\u00e9.<\/em><\/p>\n","protected":false},"excerpt":{"rendered":"<p>Voir ici les photos de notre randonn\u00e9e \u00e0 Bouquet Voir ici les photos de Marie-Jeanne. Voir ici les photos de\u00a0 Fran\u00e7oise.<\/p>\n","protected":false},"author":1,"featured_media":8347,"comment_status":"closed","ping_status":"closed","sticky":false,"template":"","format":"standard","meta":{"footnotes":""},"categories":[4],"tags":[],"class_list":["post-8330","post","type-post","status-publish","format-standard","has-post-thumbnail","hentry","category-randonnees"],"_links":{"self":[{"href":"https:\/\/culturotheque.fr\/index.php\/wp-json\/wp\/v2\/posts\/8330","targetHints":{"allow":["GET"]}}],"collection":[{"href":"https:\/\/culturotheque.fr\/index.php\/wp-json\/wp\/v2\/posts"}],"about":[{"href":"https:\/\/culturotheque.fr\/index.php\/wp-json\/wp\/v2\/types\/post"}],"author":[{"embeddable":true,"href":"https:\/\/culturotheque.fr\/index.php\/wp-json\/wp\/v2\/users\/1"}],"replies":[{"embeddable":true,"href":"https:\/\/culturotheque.fr\/index.php\/wp-json\/wp\/v2\/comments?post=8330"}],"version-history":[{"count":4,"href":"https:\/\/culturotheque.fr\/index.php\/wp-json\/wp\/v2\/posts\/8330\/revisions"}],"predecessor-version":[{"id":8334,"href":"https:\/\/culturotheque.fr\/index.php\/wp-json\/wp\/v2\/posts\/8330\/revisions\/8334"}],"wp:featuredmedia":[{"embeddable":true,"href":"https:\/\/culturotheque.fr\/index.php\/wp-json\/wp\/v2\/media\/8347"}],"wp:attachment":[{"href":"https:\/\/culturotheque.fr\/index.php\/wp-json\/wp\/v2\/media?parent=8330"}],"wp:term":[{"taxonomy":"category","embeddable":true,"href":"https:\/\/culturotheque.fr\/index.php\/wp-json\/wp\/v2\/categories?post=8330"},{"taxonomy":"post_tag","embeddable":true,"href":"https:\/\/culturotheque.fr\/index.php\/wp-json\/wp\/v2\/tags?post=8330"}],"curies":[{"name":"wp","href":"https:\/\/api.w.org\/{rel}","templated":true}]}}