{"id":8597,"date":"2021-12-15T18:54:24","date_gmt":"2021-12-15T17:54:24","guid":{"rendered":"https:\/\/culturotheque.fr\/?p=8597"},"modified":"2021-12-15T22:59:13","modified_gmt":"2021-12-15T21:59:13","slug":"pont-de-combe-roussieres","status":"publish","type":"post","link":"https:\/\/culturotheque.fr\/index.php\/2021\/12\/15\/pont-de-combe-roussieres\/","title":{"rendered":"Pont de Combe Roussi\u00e8res"},"content":{"rendered":"<p><a href=\"https:\/\/photos.app.goo.gl\/85CeaD7oup2iXDb99\">Voir ici les photos de notre randonn\u00e9e \u00e0 St Bonnet du Gard<\/a><br \/>\n<a href=\"https:\/\/culturotheque.fr\/wp-content\/uploads\/2020\/02\/Laqueduc-dUz\u00e8s-\u00e0-N\u00eemes.pdf\">L&rsquo;aqueduc d&rsquo;Uz\u00e8s \u00e0 N\u00eemes<\/a><br \/>\n<!--more--><\/p>\n<p style=\"text-align: justify;\">Il n\u2019y a que des filles au d\u00e9part de notre rando de ce mercredi apr\u00e8s-midi. Des filles qui aiment bien marcher et\u2026 certaines ne connaissent pas le Pont du Gard. Nous changeons donc de cap\u00a0: direction St Bonnet du Gard.<br \/>\nD\u2019embl\u00e9e une grimpette nous r\u00e9chauffe tout \u00e0 fait, on rep\u00e8re sur le chemin un tron\u00e7on d\u2019un aqueduc. Arriv\u00e9es au Sablas on se d\u00e9shabille avant de descendre dans un sous-bois bien agr\u00e9able et, si on aurait souhait\u00e9 \u00eatre au soleil, il faut avouer que pas de vent c\u2019est pas mal non plus.<br \/>\nOn s\u2019enfonce dans un sentier caillouteux, puis sableux jusqu\u2019\u00e0 ce qu\u2019on dise Stop\u00a0!\u00a0 3 pas en avant et, regardez. Regardez en haut \u00e0 droite, regardez en haut \u00e0 gauche. Mais quelles sont ces constructions\u00a0? De quoi s\u2019agit-il\u00a0?<br \/>\nLes vestiges de ce monument, perdu dans la garrigue nous interpelle en effet. Il faut absolument monter voir ce qu\u2019il y a au bout de ces escaliers de terre. En haut nous \u00a0observons \u00a0le d\u00e9but d\u2019un pont, pas aussi grand que pouvait l\u2019\u00eatre celui du fameux Pont du Gard \u00e0 trois niveaux d\u2019arches au-dessus du Gardon, \u00a0mais tout de m\u00eame puisque le Pont de Combe Roussi\u00e8res en comprenaient 2\u00a0! En face les ruines de l\u2019autre partie sont encore plus belles d\u2019en haut\u00a0!<br \/>\nEn continuant sur le sentier le panorama sur le Pont du Gard est \u00e0 couper le souffle, la sente est jolie et l\u2019on arrive directement \u00e0 la Combe de Valmale, o\u00f9 un autre vestige nous attend. On grimpe, on scrute\u00a0: oui l\u2019aqueduc est bien trac\u00e9. Mais et cette tranch\u00e9e, \u00e7a correspond \u00e0 quoi\u00a0? Il s\u2019agit d\u2019un projet d\u2019une route pour \u00e9viter de faire le tour par Remoulins, c\u2019est \u00e9galement pour cette route que le Pont qui est accol\u00e9 au Pont du Gard a \u00e9t\u00e9 construit. En effet, le \u00ab\u00a0pont Pitot\u00a0\u00bb, du nom de son concepteur-constructeur, n\u2019a \u00e9t\u00e9 \u00e9difi\u00e9 qu\u2019en 1743 et non du temps des Romains.<br \/>\nNous continuons \u00e0 longer le trac\u00e9 de l\u2019aqueduc pour arriver tout en haut du Pont du Gard. Le fameux. Non nous ne pouvons plus le traverser. Depuis 1997 des am\u00e9nagements ont \u00e9t\u00e9 r\u00e9alis\u00e9s pour l\u2019entretien et la consolidation de cet \u00e9difice que nous envie le Monde entier et\u2026 depuis il faut payer l\u2019entr\u00e9e pour le visiter. Pas pour nous, bien s\u00fbr, une fois de plus \u00ab\u00a0VIP\u00a0\u00bb La Culturoth\u00e8que\u00a0!<br \/>\nNous allons bien s\u00fbr admirer le pont depuis le point panoramique. Celui, bien s\u00fbr dont le soleil \u00e9claire notre dos. Oui, on en reste baba\u00a0!&#8230;<br \/>\nUne petite boisson \u00a0chaude de No\u00ebl, quelques g\u00e2teaux et chocolats\u00a0! Oui No\u00ebl est dans 10 jours, d\u00e9j\u00e0.<br \/>\nOn redescend par les escaliers pour chercher un lapin\u2026 Lapin, lapin o\u00f9 es-tu\u00a0? On trouve bien un animal, mais est-ce bien un lapin\u00a0?<br \/>\nUne fanfare, une troupe de militaire. On s\u2019en approche. Pas pour faire les curieux, non , pour montrer d\u2019une autre facette le Pont du Gard \u00e0 celle qui n\u2019est jamais venue le visiter\u00a0!<br \/>\nOn remonte pour rejoindre la combe de Valmale que l\u2019on remonte au pas de charge\u00a0: on a trop tra\u00een\u00e9, trop papot\u00e9\u00a0! On vous le dit, on risque de rentrer avec la nuit.<br \/>\nNous sommes tr\u00e8s vite au Sablas, puis \u00e0 Cante-Perdrix et toujours d\u2019un bon pas\u00a0 on arrive \u00e0 prendre le chemin de Ledenon qui nous ram\u00e8ne \u00e0 St Bonnet\u2026 au clair de lune\u00a0!<br \/>\nAh que cette balade nous a fait du bien ! Autant pour le sport que pour toutes les aspects du Pont du Gard qu\u2019on a pu d\u00e9couvrir\u2026 mais surtout le bel apr\u00e8s-midi que nous avons pass\u00e9 ensemble !<br \/>\nBonnes f\u00eates\u00a0! Joyeux No\u00ebl <em>(mais non\u2026 on se retrouve vendredi\u00a0!).<br \/>\n<\/em><strong><u>Cotation<\/u><\/strong>\u00a0: DJB2 \u2013 10.6 km \u2013 292 m de d\u00e9nivel\u00e9.<br \/>\n<a href=\"https:\/\/culturotheque.fr\/wp-content\/uploads\/2020\/02\/Laqueduc-dUz\u00e8s-\u00e0-N\u00eemes.pdf\">L&rsquo;aqueduc d&rsquo;Uz\u00e8s \u00e0 N\u00eemes<\/a><\/p>\n","protected":false},"excerpt":{"rendered":"<p>Voir ici les photos de notre randonn\u00e9e \u00e0 St Bonnet du Gard L&rsquo;aqueduc d&rsquo;Uz\u00e8s \u00e0 N\u00eemes<\/p>\n","protected":false},"author":1,"featured_media":8600,"comment_status":"closed","ping_status":"closed","sticky":false,"template":"","format":"standard","meta":{"footnotes":""},"categories":[4],"tags":[],"class_list":["post-8597","post","type-post","status-publish","format-standard","has-post-thumbnail","hentry","category-randonnees"],"_links":{"self":[{"href":"https:\/\/culturotheque.fr\/index.php\/wp-json\/wp\/v2\/posts\/8597","targetHints":{"allow":["GET"]}}],"collection":[{"href":"https:\/\/culturotheque.fr\/index.php\/wp-json\/wp\/v2\/posts"}],"about":[{"href":"https:\/\/culturotheque.fr\/index.php\/wp-json\/wp\/v2\/types\/post"}],"author":[{"embeddable":true,"href":"https:\/\/culturotheque.fr\/index.php\/wp-json\/wp\/v2\/users\/1"}],"replies":[{"embeddable":true,"href":"https:\/\/culturotheque.fr\/index.php\/wp-json\/wp\/v2\/comments?post=8597"}],"version-history":[{"count":6,"href":"https:\/\/culturotheque.fr\/index.php\/wp-json\/wp\/v2\/posts\/8597\/revisions"}],"predecessor-version":[{"id":8604,"href":"https:\/\/culturotheque.fr\/index.php\/wp-json\/wp\/v2\/posts\/8597\/revisions\/8604"}],"wp:featuredmedia":[{"embeddable":true,"href":"https:\/\/culturotheque.fr\/index.php\/wp-json\/wp\/v2\/media\/8600"}],"wp:attachment":[{"href":"https:\/\/culturotheque.fr\/index.php\/wp-json\/wp\/v2\/media?parent=8597"}],"wp:term":[{"taxonomy":"category","embeddable":true,"href":"https:\/\/culturotheque.fr\/index.php\/wp-json\/wp\/v2\/categories?post=8597"},{"taxonomy":"post_tag","embeddable":true,"href":"https:\/\/culturotheque.fr\/index.php\/wp-json\/wp\/v2\/tags?post=8597"}],"curies":[{"name":"wp","href":"https:\/\/api.w.org\/{rel}","templated":true}]}}