{"id":8711,"date":"2022-01-04T09:06:14","date_gmt":"2022-01-04T08:06:14","guid":{"rendered":"https:\/\/culturotheque.fr\/?p=8711"},"modified":"2022-01-12T09:10:27","modified_gmt":"2022-01-12T08:10:27","slug":"adelais-de-st-gilles-comtesse-de-toulouse-vicomtesse-de-beziers","status":"publish","type":"post","link":"https:\/\/culturotheque.fr\/index.php\/2022\/01\/04\/adelais-de-st-gilles-comtesse-de-toulouse-vicomtesse-de-beziers\/","title":{"rendered":"Ad\u00e9la\u00efs de St-Gilles, comtesse de Toulouse, vicomtesse de B\u00e9ziers"},"content":{"rendered":"<p>Conf\u00e9rence de Mich\u00e8le.<\/p>\n","protected":false},"excerpt":{"rendered":"<p>Conf\u00e9rence de Mich\u00e8le.<\/p>\n","protected":false},"author":1,"featured_media":8716,"comment_status":"closed","ping_status":"closed","sticky":false,"template":"","format":"standard","meta":{"footnotes":""},"categories":[42],"tags":[],"class_list":["post-8711","post","type-post","status-publish","format-standard","has-post-thumbnail","hentry","category-10-conferences"],"_links":{"self":[{"href":"https:\/\/culturotheque.fr\/index.php\/wp-json\/wp\/v2\/posts\/8711","targetHints":{"allow":["GET"]}}],"collection":[{"href":"https:\/\/culturotheque.fr\/index.php\/wp-json\/wp\/v2\/posts"}],"about":[{"href":"https:\/\/culturotheque.fr\/index.php\/wp-json\/wp\/v2\/types\/post"}],"author":[{"embeddable":true,"href":"https:\/\/culturotheque.fr\/index.php\/wp-json\/wp\/v2\/users\/1"}],"replies":[{"embeddable":true,"href":"https:\/\/culturotheque.fr\/index.php\/wp-json\/wp\/v2\/comments?post=8711"}],"version-history":[{"count":1,"href":"https:\/\/culturotheque.fr\/index.php\/wp-json\/wp\/v2\/posts\/8711\/revisions"}],"predecessor-version":[{"id":8712,"href":"https:\/\/culturotheque.fr\/index.php\/wp-json\/wp\/v2\/posts\/8711\/revisions\/8712"}],"wp:featuredmedia":[{"embeddable":true,"href":"https:\/\/culturotheque.fr\/index.php\/wp-json\/wp\/v2\/media\/8716"}],"wp:attachment":[{"href":"https:\/\/culturotheque.fr\/index.php\/wp-json\/wp\/v2\/media?parent=8711"}],"wp:term":[{"taxonomy":"category","embeddable":true,"href":"https:\/\/culturotheque.fr\/index.php\/wp-json\/wp\/v2\/categories?post=8711"},{"taxonomy":"post_tag","embeddable":true,"href":"https:\/\/culturotheque.fr\/index.php\/wp-json\/wp\/v2\/tags?post=8711"}],"curies":[{"name":"wp","href":"https:\/\/api.w.org\/{rel}","templated":true}]}}