{"id":9717,"date":"2022-05-15T18:59:59","date_gmt":"2022-05-15T16:59:59","guid":{"rendered":"https:\/\/culturotheque.fr\/?p=9717"},"modified":"2022-05-16T18:38:36","modified_gmt":"2022-05-16T16:38:36","slug":"la-foret-de-cedres-2","status":"publish","type":"post","link":"https:\/\/culturotheque.fr\/index.php\/2022\/05\/15\/la-foret-de-cedres-2\/","title":{"rendered":"La for\u00eat de C\u00e8dres"},"content":{"rendered":"<p><a href=\"https:\/\/photos.app.goo.gl\/7TSNGPaUVYmB73EU7\">Voir ici les photos de notre randonn\u00e9e \u00e0 Bonnieux<\/a><\/p>\n<p><!--more--><\/p>\n<p style=\"text-align: justify;\">Nous d\u00e9marrons cette balade du parking am\u00e9nag\u00e9 de la Foret de C\u00e8dres<em>.<br \/>\n<\/em>Sur ce plateau calcaire de \u00a0plus de 700 m\u00e8tres d\u2019altitude il n\u2019y a que des c\u00e8dres ; il n\u2019y en avait pas avant 1861 ; mais on imagine que des\u00a0 botanistes fran\u00e7ais admiratifs des c\u00e9draies de l\u2019Atlas marocain ont ramen\u00e9 des graines ou des plants et en ont\u00a0 plant\u00e9 sur ce plateau en imaginant pour les d\u00e9cennies suivantes la cr\u00e9ation d\u2019une majestueuse for\u00eat. C\u2019est une remarquable r\u00e9ussite !\u00a0 C\u2019est bien une magnifique for\u00eat avec les silhouettes de ces tr\u00e8s grands arbres conif\u00e8res aux troncs hauts, bien droits, larges et aux branches caract\u00e9ristiques : strictement horizontales et leurs aiguilles vertes argent\u00e9es.\u00a0 Les c\u00e8dres se sont r\u00e9pandus naturellement, surtout vers le versant nord, moins sec.<br \/>\nIl fait un \u00e9clatant soleil, \u00e0 cette altitude nous craignons presque d\u2019avoir froid mais nous quittons tr\u00e8s vite nos veste lorsque \u00a0nous engageons sur le sentier du Portalas. Ce sentier nous entra\u00eene tr\u00e8s rapidement dans un pays de montagne o\u00f9 une flore tr\u00e8s riche est un peu diff\u00e9rente de nos habituels sentiers.<br \/>\nUn premier point de vue nous donne un vaste panorama sur la vall\u00e9e de la Durance, le grand Luberon avec le sommet du Mourre N\u00e8gre qui pointe son nez, et m\u00eame la cha\u00eene de nos ch\u00e8res Alpilles, un peu plus haut c\u2019est une table d\u2019orientation qui nous permet d\u2019avoir ce panorama encore \u00e9largi.<br \/>\nOn est tout sourire, on profite, on savoure d\u2019\u00eatre l\u00e0 dans ce grandiose paysage.<br \/>\nOn fait un petit d\u00e9tour dans la v\u00e9g\u00e9tation, ici \u00a0de garrigue, on tend le cou : oui on peut tous admirer la fameuse arche du Portalas enserr\u00e9e au milieu de pics ac\u00e9r\u00e9s.<br \/>\nOn revient sur notre sentier pour atteindre la piste de la For\u00eat de C\u00e8dres non sans se retourner mille fois pour admirer encore et encore ces belles \u00e9chapp\u00e9es\u2026<br \/>\nA la piste, ou bien s\u00fbr on rencontre du monde, on prend sur la gauche pour la quitter assez vite en s\u2019engageant sur un sentier \u00e9troit. Tr\u00e8s vite on\u00a0 a l\u2019impression d\u2019 heurter une falaise, une immense falaise. Nous longeons cette longue \u00e9pine rocheuse qui s\u2019appelle la Roque des Bancs o\u00f9 nous visitons quelques grottes ! Nous la longeons un bon moment : un paysage spectaculaire ponctu\u00e9 d\u2019une flore impressionnante. Au bout des vestiges d\u2019abris de bergers et \u00e0 nouveau des points de vues \u00e0 couper le souffle\u00a0!<br \/>\nLe sentier confortable devient rocailleux, escarp\u00e9 et il nous faut monter\u2026 mais distraits par des mufliers jaunes qui poussent dans tous les coins de ce paradis, la difficult\u00e9 est bien all\u00e9g\u00e9e.<br \/>\nC\u2019est juste avant de retrouver la For\u00eat de C\u00e8dres que nous nous posons pour notre repas\u2026. Chaleureux, convivial, et\u2026 les premi\u00e8res cerises\u00a0!<br \/>\nOn arpente un moment la grande piste de la For\u00eat\u00a0! Il y a beaucoup de monde, des enfants font du v\u00e9lo, on assiste \u00e0 des \u00ab\u00a0premi\u00e8res\u00a0\u00bb qui font la fiert\u00e9 des parents.<br \/>\nMaintenant le sentier chemine \u00e0 travers la for\u00eat, \u00e9paisse, silencieuse, Les c\u00e8dres qui de par leur taille et leur beaut\u00e9, d\u00e9gagent une impression de calme et de paix \u2026 Chutt ! Les oiseaux y sont heureux.<br \/>\nOn retrouve le minibus, on reprend la route, une route magnifique o\u00f9 de fantastiques vues nous sont offertes, sans oublier la fameuse Tour Philippe que l\u2019on aper\u00e7oit beaucoup mieux qu\u2019\u00e0 la\u00a0 mont\u00e9e\u2026 Cette tour construite, \u00e0 la fin du XIXe si\u00e8cle par Philippe Audibert, artiste,\u00a0 car \u00ab <em>il voulait voir la mer<\/em> \u00bb. Il n\u2019a pas termin\u00e9 sa tour et, en plus, du sommet, on voit seulement l\u2019\u00e9tang de Berre, mis\u00e8re.<br \/>\nOn passe un bon moment \u00e0 visiter le village de Bonnieux avant de nous installer pour une boisson fra\u00eeche avant le retour sur Beaucaire, tous bien heureux de chaque moment de cette belle journ\u00e9e ensoleill\u00e9e et de sa petite brise l\u00e9g\u00e8re qui a souffl\u00e9 de sa baguette magique !<br \/>\nCotation \u2013 JB2 \u2013 10.1 km \u2013 220 m de d\u00e9nivel\u00e9.<\/p>\n<p>&nbsp;<\/p>\n<p>&nbsp;<\/p>\n","protected":false},"excerpt":{"rendered":"<p>Voir ici les photos de notre randonn\u00e9e \u00e0 Bonnieux<\/p>\n","protected":false},"author":1,"featured_media":9728,"comment_status":"closed","ping_status":"closed","sticky":false,"template":"","format":"standard","meta":{"footnotes":""},"categories":[4],"tags":[],"class_list":["post-9717","post","type-post","status-publish","format-standard","has-post-thumbnail","hentry","category-randonnees"],"_links":{"self":[{"href":"https:\/\/culturotheque.fr\/index.php\/wp-json\/wp\/v2\/posts\/9717","targetHints":{"allow":["GET"]}}],"collection":[{"href":"https:\/\/culturotheque.fr\/index.php\/wp-json\/wp\/v2\/posts"}],"about":[{"href":"https:\/\/culturotheque.fr\/index.php\/wp-json\/wp\/v2\/types\/post"}],"author":[{"embeddable":true,"href":"https:\/\/culturotheque.fr\/index.php\/wp-json\/wp\/v2\/users\/1"}],"replies":[{"embeddable":true,"href":"https:\/\/culturotheque.fr\/index.php\/wp-json\/wp\/v2\/comments?post=9717"}],"version-history":[{"count":4,"href":"https:\/\/culturotheque.fr\/index.php\/wp-json\/wp\/v2\/posts\/9717\/revisions"}],"predecessor-version":[{"id":9727,"href":"https:\/\/culturotheque.fr\/index.php\/wp-json\/wp\/v2\/posts\/9717\/revisions\/9727"}],"wp:featuredmedia":[{"embeddable":true,"href":"https:\/\/culturotheque.fr\/index.php\/wp-json\/wp\/v2\/media\/9728"}],"wp:attachment":[{"href":"https:\/\/culturotheque.fr\/index.php\/wp-json\/wp\/v2\/media?parent=9717"}],"wp:term":[{"taxonomy":"category","embeddable":true,"href":"https:\/\/culturotheque.fr\/index.php\/wp-json\/wp\/v2\/categories?post=9717"},{"taxonomy":"post_tag","embeddable":true,"href":"https:\/\/culturotheque.fr\/index.php\/wp-json\/wp\/v2\/tags?post=9717"}],"curies":[{"name":"wp","href":"https:\/\/api.w.org\/{rel}","templated":true}]}}