{"id":9721,"date":"2022-05-16T17:44:29","date_gmt":"2022-05-16T15:44:29","guid":{"rendered":"https:\/\/culturotheque.fr\/?p=9721"},"modified":"2022-05-17T08:44:40","modified_gmt":"2022-05-17T06:44:40","slug":"belvezet-et-ses-alentours","status":"publish","type":"post","link":"https:\/\/culturotheque.fr\/index.php\/2022\/05\/16\/belvezet-et-ses-alentours\/","title":{"rendered":"Belvezet et ses alentours"},"content":{"rendered":"<p><!--more--><\/p>\n<p style=\"text-align: justify;\">Aujourd&rsquo;hui nous sommes trois , oui trois, pour aller visiter les alentours de Belv\u00e9zet. Mais je suis accompagn\u00e9 par le top du top des randonneuses de la Culturoth\u00e8que. Cela va \u00eatre un r\u00e9el plaisir.<br \/>\nNous laissons la voiture sur le parking de l&rsquo;\u00e9glise. Elle a de la chance , elle va rester \u00e0 l&rsquo;ombre toute la journ\u00e9e. Il n&rsquo;est que neuf heures, mais il fait d\u00e9j\u00e0 chaud. Nous longeons la Seyne qui a creus\u00e9 une entaille en forme de quartier de lune et qui d\u00e9limite le village. D&rsquo;un pas all\u00e8gre nous arrivons vers le Mas de l&rsquo;ancienne \u00e9glise. C&rsquo;est un ensemble de maisons en vieille pierre. L&rsquo;\u00e9glise est entour\u00e9e d\u2019\u00e9chafaudages en vue d&rsquo;une restauration compl\u00e8te. Une mont\u00e9e nous attend. Sans effort nous parvenons sur le plateau recouvert par le bois de Saint-M\u00e9diers. Par une large piste nous le traversons pour rejoindre le village. Nous d\u00e9daignons la tour d&rsquo;Arbeyre sur les conseils de pr\u00e9c\u00e9dents randonneurs de la Culturoth\u00e8que. En arrivant au village nous profitons d&rsquo;une z\u00f4ne ombrag\u00e9e pour faire une pause. D\u00e9j\u00e0 6 km en 1h30. Je vous avez dit que j&rsquo;\u00e9tais bien accompagn\u00e9!\u00a0 Par une belle piste ombrag\u00e9e nous rejoignons Labaume. Ce village de 17 habitants est tout de pierre et poss\u00e8de un ch\u00e2teau. Il \u00e9tait imprenable, accroch\u00e9 solidement \u00e0 ses falaises abruptes. Invuln\u00e9rable certes , mais peu visible . Nous avons juste aper\u00e7u un bout de tour et de toiture car les murs d&rsquo;enceintes sont trop hauts. Tant pis. Nous quittons le village par un chemin champ\u00eatre entour\u00e9 de champs de coquelicots. Ici le monde est rouge. Apr\u00e8s 9 km nous bifurquons vers la combe de Pousselargues. Une belle mont\u00e9e en sous bois \u00e0 l&rsquo;ombre. Le rythme est soutenu. Elles commencent \u00e0 avoir faim. J&rsquo;ai du mal \u00e0 les suivre. Tout \u00e0 coup elles s&rsquo;arr\u00eatent. Elles ont trouv\u00e9 un super coin pour pique-niquer. Nous sommes entour\u00e9s de conif\u00e8res, de ch\u00eanes et le sol est parsem\u00e9\u00a0 d&rsquo;aphyllantes de Montpellier toutes bleues. Nous sommes seuls au monde dans un silence juste entrecoup\u00e9 par le chant des oiseaux et le battement des insectes qui butinent. Certains ont des tas de douceurs au pique-nique, nous, nous partageons un d\u00e9licieux g\u00e2teau apport\u00e9 par la Fourmi accompagn\u00e9 du toujours excellent caf\u00e9 de Catherine. Apr\u00e8s cet interm\u00e8de nous reprenons notre marche de retour vers Belv\u00e9zet. Une mont\u00e9e nous am\u00e8ne sur un plateau. Au loin dans un enclos un troupeau de vaches. Notre chemin nous fait passer juste devant l&rsquo;enclos . Les vaches se transform\u00e9es en ch\u00e8vres de Rove.\u00a0 Etrange!!! Peut-\u00eatre est ce une farce que la sorci\u00e8re du Castelas nous a r\u00e9serv\u00e9e. Une derni\u00e8re mont\u00e9e dans de la v\u00e9g\u00e9tation dense. Des pauses \u00e0 l&rsquo;ombre des pins d&rsquo;Alep nous permettent de reprendre notre souffle. Le Castelas nous fait signe au loin . Un arr\u00eat\u00e9 pr\u00e9fectoral nous emp\u00eache de le visiter, mais plus loin dans un coin de verdure parmi les arbres nous attend la sorci\u00e8re de Belvezet. Etrange cr\u00e9ature de m\u00e9tal entour\u00e9e de conseils pour soigner par les plantes la plupart des maladies. Nous la quittons, aucun de nous trois n&rsquo;ayant besoin de ses services. Nous finissons par une descente qui nous ram\u00e8ne \u00e0 l&rsquo;\u00e9glise, \u00e0 l&rsquo;ombre. Quelle journ\u00e9e!!!!!!!!!!!!!!<br \/>\nRapha\u00ebl.<br \/>\n<span style=\"text-decoration: underline;\"><strong>Cotation<\/strong> <\/span>: JB4 soit 17 km &#8211;\u00a0 380 m de d\u00e9nivel\u00e9.<\/p>\n<p>&nbsp;<\/p>\n","protected":false},"excerpt":{"rendered":"","protected":false},"author":1,"featured_media":9734,"comment_status":"closed","ping_status":"closed","sticky":false,"template":"","format":"standard","meta":{"footnotes":""},"categories":[4],"tags":[],"class_list":["post-9721","post","type-post","status-publish","format-standard","has-post-thumbnail","hentry","category-randonnees"],"_links":{"self":[{"href":"https:\/\/culturotheque.fr\/index.php\/wp-json\/wp\/v2\/posts\/9721","targetHints":{"allow":["GET"]}}],"collection":[{"href":"https:\/\/culturotheque.fr\/index.php\/wp-json\/wp\/v2\/posts"}],"about":[{"href":"https:\/\/culturotheque.fr\/index.php\/wp-json\/wp\/v2\/types\/post"}],"author":[{"embeddable":true,"href":"https:\/\/culturotheque.fr\/index.php\/wp-json\/wp\/v2\/users\/1"}],"replies":[{"embeddable":true,"href":"https:\/\/culturotheque.fr\/index.php\/wp-json\/wp\/v2\/comments?post=9721"}],"version-history":[{"count":4,"href":"https:\/\/culturotheque.fr\/index.php\/wp-json\/wp\/v2\/posts\/9721\/revisions"}],"predecessor-version":[{"id":9735,"href":"https:\/\/culturotheque.fr\/index.php\/wp-json\/wp\/v2\/posts\/9721\/revisions\/9735"}],"wp:featuredmedia":[{"embeddable":true,"href":"https:\/\/culturotheque.fr\/index.php\/wp-json\/wp\/v2\/media\/9734"}],"wp:attachment":[{"href":"https:\/\/culturotheque.fr\/index.php\/wp-json\/wp\/v2\/media?parent=9721"}],"wp:term":[{"taxonomy":"category","embeddable":true,"href":"https:\/\/culturotheque.fr\/index.php\/wp-json\/wp\/v2\/categories?post=9721"},{"taxonomy":"post_tag","embeddable":true,"href":"https:\/\/culturotheque.fr\/index.php\/wp-json\/wp\/v2\/tags?post=9721"}],"curies":[{"name":"wp","href":"https:\/\/api.w.org\/{rel}","templated":true}]}}