{"id":9723,"date":"2022-05-16T17:46:47","date_gmt":"2022-05-16T15:46:47","guid":{"rendered":"https:\/\/culturotheque.fr\/?p=9723"},"modified":"2022-05-16T18:45:00","modified_gmt":"2022-05-16T16:45:00","slug":"la-bouteille-3","status":"publish","type":"post","link":"https:\/\/culturotheque.fr\/index.php\/2022\/05\/16\/la-bouteille-3\/","title":{"rendered":"La bouteille"},"content":{"rendered":"<p><a href=\"https:\/\/photos.app.goo.gl\/stR8Y3PirmEFJNr8A\">Voir ici les photos de Fran\u00e7oise concernant notre randonn\u00e9e \u00e0 Beaucaire.<\/a><br \/>\n<a href=\"https:\/\/photos.app.goo.gl\/9oKiw3FLrv2SrW2E7\">Voir ici des photos.<\/a><\/p>\n<p><!--more--><\/p>\n<p style=\"text-align: justify;\">Ce matin, pas grand-monde au rdv de la belle rando qui se voulait \u00e0 la fraicheur d\u2019une v\u00e9g\u00e9tation luxuriante dispers\u00e9e au fond d\u2019une vall\u00e9e ou serpente des oueds gonflant les eaux de torrents fougueux\u2026<br \/>\nNous restons \u00e0 Beaucaire pour nous diriger vers \u00ab\u00a0La bouteille\u00a0\u00bb en passant tout d\u2019abord par la colline du Sizen, la voie verte, les abords du canal o\u00f9 sont grappill\u00e9es quelques d\u00e9licieuses cerises et nous voici \u00e0 destination pour admirer les m\u00e9andres du Rh\u00f4ne.<br \/>\nNous redescendons par le bas de St Roman o\u00f9 l\u2019ombre se tient par intermittence, rejoignons la route qui nous fait tr\u00e8s vite nous engager dans les chemins parfum\u00e9s des Regagnons avant de remonter sur Gaudon o\u00f9 enfin la pause repas est la bienvenue. A l\u2019ombre des pins nous partageons ce moment toujours bien convivial !<br \/>\nOn continue pour rejoindre le rocher de la Caille et nous voici sur les bords du Rh\u00f4ne sur le chemin de halage o\u00f9 l\u2019on met nos pas dans ceux du groupe de Betty du mercredi matin.<br \/>\nBalade assez ensoleill\u00e9e o\u00f9 l\u2019arriv\u00e9e au parking a \u00e9t\u00e9 bien appr\u00e9ci\u00e9e.<br \/>\n<strong>Cotation\u00a0<\/strong>: <em>JB2 \u2013 13 km \u2013 317 m de d\u00e9nivel\u00e9.<\/em><\/p>\n","protected":false},"excerpt":{"rendered":"<p>Voir ici les photos de Fran\u00e7oise concernant notre randonn\u00e9e \u00e0 Beaucaire. Voir ici des photos.<\/p>\n","protected":false},"author":1,"featured_media":9731,"comment_status":"closed","ping_status":"closed","sticky":false,"template":"","format":"standard","meta":{"footnotes":""},"categories":[4],"tags":[],"class_list":["post-9723","post","type-post","status-publish","format-standard","has-post-thumbnail","hentry","category-randonnees"],"_links":{"self":[{"href":"https:\/\/culturotheque.fr\/index.php\/wp-json\/wp\/v2\/posts\/9723","targetHints":{"allow":["GET"]}}],"collection":[{"href":"https:\/\/culturotheque.fr\/index.php\/wp-json\/wp\/v2\/posts"}],"about":[{"href":"https:\/\/culturotheque.fr\/index.php\/wp-json\/wp\/v2\/types\/post"}],"author":[{"embeddable":true,"href":"https:\/\/culturotheque.fr\/index.php\/wp-json\/wp\/v2\/users\/1"}],"replies":[{"embeddable":true,"href":"https:\/\/culturotheque.fr\/index.php\/wp-json\/wp\/v2\/comments?post=9723"}],"version-history":[{"count":3,"href":"https:\/\/culturotheque.fr\/index.php\/wp-json\/wp\/v2\/posts\/9723\/revisions"}],"predecessor-version":[{"id":9730,"href":"https:\/\/culturotheque.fr\/index.php\/wp-json\/wp\/v2\/posts\/9723\/revisions\/9730"}],"wp:featuredmedia":[{"embeddable":true,"href":"https:\/\/culturotheque.fr\/index.php\/wp-json\/wp\/v2\/media\/9731"}],"wp:attachment":[{"href":"https:\/\/culturotheque.fr\/index.php\/wp-json\/wp\/v2\/media?parent=9723"}],"wp:term":[{"taxonomy":"category","embeddable":true,"href":"https:\/\/culturotheque.fr\/index.php\/wp-json\/wp\/v2\/categories?post=9723"},{"taxonomy":"post_tag","embeddable":true,"href":"https:\/\/culturotheque.fr\/index.php\/wp-json\/wp\/v2\/tags?post=9723"}],"curies":[{"name":"wp","href":"https:\/\/api.w.org\/{rel}","templated":true}]}}