{"id":9913,"date":"2022-06-18T07:42:02","date_gmt":"2022-06-18T05:42:02","guid":{"rendered":"https:\/\/culturotheque.fr\/?p=9913"},"modified":"2022-06-18T07:47:48","modified_gmt":"2022-06-18T05:47:48","slug":"moulin-de-gisfort","status":"publish","type":"post","link":"https:\/\/culturotheque.fr\/index.php\/2022\/06\/18\/moulin-de-gisfort\/","title":{"rendered":"Moulin de Gisfort"},"content":{"rendered":"<p><a href=\"https:\/\/photos.app.goo.gl\/3PKVaTEyKHozgVE47\">Voir ici les photos de notre randonn\u00e9e \u00e0 Uz\u00e8s.<\/a><\/p>\n<p style=\"text-align: justify;\"><!--more-->C\u2019est la derni\u00e8re rando de la saison\u2026 Si beaucoup d\u2019adh\u00e9rents ont \u00ab\u00a0baiss\u00e9 les bras\u00a0\u00bb <em>(ou les jambes)<\/em> \u00a0\u00e0 cause de la chaleur, il reste quelques courageuses de Rando Sant\u00e9\u00ae \u00e0 vouloir prolonger ces bons moments partag\u00e9s.<br \/>\nCe matin on annonce une temp\u00e9rature \u00e9lev\u00e9e, c\u2019est vrai que le barom\u00e8tre montre 30\u00b0 d\u00e8s le matin mais nous avons la chance d\u2019avoir une petite brise qui adoucit la temp\u00e9rature.<br \/>\nUne fois n\u2019est pas coutume, on s\u2019en retourne sur les m\u00eames sentiers que mercredi dernier, c\u2019est qu\u2019on est s\u00fbre d\u2019y trouver des sentiers \u00ab\u00a0\u00e0 la fra\u00eeche\u00a0\u00bb\u00a0!<br \/>\nDonc du parking du mus\u00e9e des bonbons Haribo on s\u2019en va vers le ch\u00e2teau B\u00e9rard, mais cette fois-ci on se la fait \u00e0 l\u2019envers.<br \/>\nLe moulin de Carri\u00e8re, celui de Gisfort sont rep\u00e9r\u00e9s avec grands int\u00e9r\u00eats mais les beaux sentiers en corniche sont bien appr\u00e9ci\u00e9s.<br \/>\nOn traverse le Parc du Duch\u00e9 et on redescend vers la vall\u00e9e de l\u2019Eure.<br \/>\nEmotions sur le pont de singe et, surprise, aujourd\u2019hui les canards sont revenus.<br \/>\nOn s\u2019int\u00e9resse au trac\u00e9 de l\u2019aqueduc, quelquefois m\u00eame on marche \u00e0 l\u2019int\u00e9rieur de la canalisation.<br \/>\nRetour au ch\u00e2teau B\u00e9rard et\u2026 en avant toute sur l\u2019avenue Pamp\u00e9rigouste\u00a0!<br \/>\nEn fait on s\u2019aper\u00e7oit que nous avons eu moins chaud que mercredi, qu\u2019on a profit\u00e9 pleinement de ces beaux sentiers ombrag\u00e9s, int\u00e9ressants, vari\u00e9s, offrant de belles perspectives\u2026 Les oiseaux \u00e9taient en concert, et la rivi\u00e8re, m\u00eame si elle manquait d\u2019eau, nous a bien accompagn\u00e9es de son joli ruissellement.<br \/>\nOn \u00e9tait surtout\u00a0 bien ensemble et\u2026 on est tristounettes de se dire \u00ab \u00e0 l\u2019an que ben ! \u00bb. N\u2019exag\u00e9rons pas, on peut se retrouver encore deux mercredis pour les petites balades et, \u00ab l\u2019an que ben \u00bb, c&rsquo;est-\u00e0-dire septembre, va arriver tout de m\u00eame assez vite !<br \/>\nBonnes vacances \u00e0 tous.<br \/>\n<span style=\"text-decoration: underline;\"><strong>Cotation<\/strong><\/span>\u00a0: DJA1 \u2013 7.5 km \u2013 110 m d\u00e9nivel\u00e9.<\/p>\n","protected":false},"excerpt":{"rendered":"<p>Voir ici les photos de notre randonn\u00e9e \u00e0 Uz\u00e8s.<\/p>\n","protected":false},"author":1,"featured_media":9916,"comment_status":"closed","ping_status":"closed","sticky":false,"template":"","format":"standard","meta":{"footnotes":""},"categories":[4],"tags":[],"class_list":["post-9913","post","type-post","status-publish","format-standard","has-post-thumbnail","hentry","category-randonnees"],"_links":{"self":[{"href":"https:\/\/culturotheque.fr\/index.php\/wp-json\/wp\/v2\/posts\/9913","targetHints":{"allow":["GET"]}}],"collection":[{"href":"https:\/\/culturotheque.fr\/index.php\/wp-json\/wp\/v2\/posts"}],"about":[{"href":"https:\/\/culturotheque.fr\/index.php\/wp-json\/wp\/v2\/types\/post"}],"author":[{"embeddable":true,"href":"https:\/\/culturotheque.fr\/index.php\/wp-json\/wp\/v2\/users\/1"}],"replies":[{"embeddable":true,"href":"https:\/\/culturotheque.fr\/index.php\/wp-json\/wp\/v2\/comments?post=9913"}],"version-history":[{"count":3,"href":"https:\/\/culturotheque.fr\/index.php\/wp-json\/wp\/v2\/posts\/9913\/revisions"}],"predecessor-version":[{"id":9917,"href":"https:\/\/culturotheque.fr\/index.php\/wp-json\/wp\/v2\/posts\/9913\/revisions\/9917"}],"wp:featuredmedia":[{"embeddable":true,"href":"https:\/\/culturotheque.fr\/index.php\/wp-json\/wp\/v2\/media\/9916"}],"wp:attachment":[{"href":"https:\/\/culturotheque.fr\/index.php\/wp-json\/wp\/v2\/media?parent=9913"}],"wp:term":[{"taxonomy":"category","embeddable":true,"href":"https:\/\/culturotheque.fr\/index.php\/wp-json\/wp\/v2\/categories?post=9913"},{"taxonomy":"post_tag","embeddable":true,"href":"https:\/\/culturotheque.fr\/index.php\/wp-json\/wp\/v2\/tags?post=9913"}],"curies":[{"name":"wp","href":"https:\/\/api.w.org\/{rel}","templated":true}]}}