{"id":995,"date":"2017-11-14T10:01:44","date_gmt":"2017-11-14T09:01:44","guid":{"rendered":"http:\/\/culturotheque.fr\/?p=995"},"modified":"2017-11-15T15:53:39","modified_gmt":"2017-11-15T14:53:39","slug":"lloret-de-mar","status":"publish","type":"post","link":"https:\/\/culturotheque.fr\/index.php\/2017\/11\/14\/lloret-de-mar\/","title":{"rendered":"Lloret de mar. (S\u00e9jour du 11 au 14 novembre 2017)."},"content":{"rendered":"<p><!--more--><\/p>\n<p style=\"text-align: justify;\">Petit matin pour notre rdv mais les sourires sont, bien s\u00fbr, pr\u00e9sents. Un voyage sans histoire avec belle vue sur le Canigou enneig\u00e9 et quelques nuages qui nous offrent un prisme color\u00e9\u2026 Arriv\u00e9e vers 13 h pour\u2026 une bousculade. Nous sommes nombreux et il nous faut faire la queue pour le repas. Chacun est un peu d\u00e9\u00e7u, d\u2019autant que la salle grandiose est bruyante. Nous trouvons le calme dans notre chambre lors de notre installation.<\/p>\n<p style=\"text-align: justify;\">C\u2019est pourtant un enchantement que de se retrouver en petit groupe pour visiter la ville, certains au pas de charge \u00e0 l\u2019assaut des collines environnantes, d\u2019autres tranquillement au bord de la plage et puis dans le brouhaha de la f\u00eate m\u00e9di\u00e9vale, mais la pause se fait dans l\u2019\u00e9glise San Roma. Son architecture est sp\u00e9ciale, dot\u00e9e d\u2019\u00e9l\u00e9ments de fortification comme un pont-levis par exemple, elle est de style gothique catalan. Elle a \u00e9t\u00e9 construite entre 1509 et 1522 et tout au long des si\u00e8cles suivants de nombreuses d\u00e9pendances et chapelles ont \u00e9t\u00e9 rajout\u00e9es. Un retable qui a \u00e9chapp\u00e9 \u00e0 l\u2019incendie de 1936 pendant la guerre civile en fait son tr\u00e9sor. L\u2019ext\u00e9rieur est tr\u00e8s color\u00e9, l\u2019int\u00e9rieur est plus sobre.<\/p>\n<p style=\"text-align: justify;\">Dehors la f\u00eate bat son plein et tout naturellement nous nous m\u00ealons aux badauds, sourires b\u00e9ats, avant de regagner l\u2019H\u00f4tel. Heureusement le repas du soir, et les autres repas d\u2019ailleurs, se passent sans la cohue du premier\u2026 Une nuit pleine de r\u00eaves nous attend dans notre belle chambre\u2026.<\/p>\n<p><a href=\"https:\/\/photos.google.com\/share\/AF1QipNiNk-P889nrTPUvJczmC8v4exOnFJBZPjBPTptazMYV5Nd_ttXobTfmlt6w6dSyg?hl=fr&amp;key=NGlwNmxna2JtQ3NyenR2T1FiSWdWVE5KQWJJcGRn\"><strong>Voir ici les photos de notre premi\u00e8re journ\u00e9e de voyage.<\/strong><\/a><\/p>\n<p style=\"text-align: justify;\">Ce matin, certains se d\u00e9cident pour aller \u00e0 Figueres et le mus\u00e9e de Dali avec en prime la visite d\u2019un village m\u00e9di\u00e9val\u00a0: Peratallada. Journ\u00e9e enrichissante et de surprise car le repas de midi se fait dans une des tables renomm\u00e9es de Catalogne\u00a0!<\/p>\n<p style=\"text-align: justify;\">Pour d\u2019autres, qui connaissent d\u00e9j\u00e0 Figueres et le mus\u00e9e Dali pour y \u00eatre all\u00e9s\u00a0 avec La Culturoth\u00e8que, la destination est L\u2019Estartit et les Iles M\u00e9des. Notre guide nous raconte la Catalogne mais plus sp\u00e9cialement cette r\u00e9gion que nous traversons pour atteindre L\u2019Estartit, c\u2019est l\u2019embouchure du Ter, appel\u00e9e \u00ab\u00a0La gola\u00a0\u00bb qui constitue un espace aux paysages \u00e0 la beaut\u00e9 unique. L\u2019impressionnant massif du Montgri avec en son sommet un ch\u00e2teau du XIIIe si\u00e8cle, ses mar\u00e9cages o\u00f9 l\u2019on cultive le riz\u2026 On arrive \u00e0 L\u2019Estartit avec un soleil \u00e9clatant, une douceur qui nous oblige \u00e0 tomber les vestes et l\u2019on se prom\u00e8ne ensuite sur un chemin surplombant la mer. Outre ses falaises, son port de p\u00eache et sa plage, nous allons profiter d\u2019une croisi\u00e8re en mer pour admirer les falaises, les criques, \u00a0les grottes et quelques mas fortifi\u00e9s t\u00e9moins d\u2019un temps o\u00f9 l\u2019on vivait dans la peur des attaques de pirates\u2026.\u00a0 En se dirigeant vers les \u00eeles Medes, le bateau fait une halte afin que nous puissions profiter des poissons et des prairies de posidonies\u2026<\/p>\n<p style=\"text-align: justify;\">Le repas s\u2019effectue dans un immense, mais charmant et d\u00e9licieux restaurant, avec le caf\u00e9 servi sur une jolie terrasse surplombant la piscine\u2026.<\/p>\n<p style=\"text-align: justify;\">L\u2019apr\u00e8s-midi nous visitons un des deux joyaux du Moyen-\u00c2ge du Baix Empord\u00e0 (<em>l&rsquo;autre \u00e9tant Peratallada<\/em>) \u00a0: Pals. Notre guide nous entra\u00eene dans les rues \u00e9troites pour arriver \u00e0 la Tour des Heures, tour circulaire de style roman,\u00a0 en nous racontant l\u2019histoire du village et d\u00e9taillant la flop\u00e9e de petits d\u00e9tails architecturaux que nous appr\u00e9cions \u00e7\u00e0 et l\u00e0. Le mirador nous offre une \u00a0large vue des \u00eeles Medes, du massif de Montgri, du Canigou et du massif de l\u2019Albera. Un peu de temps libre nous permet de reprendre, chacun \u00e0 son rythme les magnifiques ruelles\u2026<\/p>\n<p style=\"text-align: justify;\">Apr\u00e8s cette journ\u00e9e riche en d\u00e9couverte on se laisse bercer dans le bus pour notre retour \u00e0 l\u2019H\u00f4tel\u2026 pour mettre notre robe de soir\u00e9e ou smoking\u00a0: soir\u00e9e de Gala au Casino pour certains\u00a0!\u00a0 Spectacle, champagne et\u2026 applaudissements. A moins qu\u2019on ne se bouche de temps en temps les oreilles pour \u00e9chapper \u00e0 un chanteur \u00e0 la voix\u2026 tonitruante\u00a0!<\/p>\n<p><a href=\"https:\/\/photos.google.com\/share\/AF1QipMZan5O97_6u10_lRitCN3zxJfiuP5ciQ83XpDw6kJhvZndcmfi-fO900uE7p6Aiw?hl=fr&amp;key=WnhkZTVvYnpjbmc2UEZrSVBBZ0hXakVmYV85TXhn\"><strong>Voir ici les photos de deuxi\u00e8me journ\u00e9e \u00e0 Lloret de mar.<\/strong><\/a><\/p>\n<p style=\"text-align: justify;\">Aujourd\u2019hui journ\u00e9e plus calme. Il para\u00eet\u00a0!<\/p>\n<p style=\"text-align: justify;\">Le matin il y en a qui visitent le mus\u00e9e de la mer. Cette visite nous permet d\u2019approcher de l\u2019histoire du peuple des marins de Lloret, mais aussi l\u2019art ancestral de construire des embarcations et d\u2019appr\u00e9cier le courage de tous ceux qui ont d\u00e9cid\u00e9 de se donner \u00e0 la mer\u2026.<\/p>\n<p style=\"text-align: justify;\">D\u2019autres d\u00e9cident de marcher avec comme destination le Jardin Sainte Clothilde de Lloret de mar. Le vent s\u2019\u00e9tant lev\u00e9, c\u2019est au pas de charge que nous traversons la ville, puis nous longeons la plage, traversons une for\u00eat et enfin atteignons le Jardin Sainte Clotilde au sommet d\u2019une falaise dot\u00e9e d\u2019impressionnantes vues sur la mer. C\u2019est un jardin inspir\u00e9 des anciens jardins Renaissance Italienne. On y trouve des sculptures, des fontaines, des escaliers, des topiaires, des all\u00e9es en crois\u00e9es&#8230; Un r\u00e9gal de promenade, on ne se lasse pas des fantastiques vues sur la mer&#8230;<\/p>\n<p style=\"text-align: justify;\">Cette belle randonn\u00e9e nous a mis en app\u00e9tit et c\u2019est avec grand bonheur qu\u2019on se retrouve pour le d\u00e9jeuner \u00e0 raconter nos belles d\u00e9couvertes de la matin\u00e9e.<\/p>\n<p style=\"text-align: justify;\">Cet apr\u00e8s-midi, nous avons une mission. Rejoindre le Jardin Botanique de Marimurtra. On se dirige vers la gare routi\u00e8re, notre bus arrive \u00e0 l\u2019instant pour aller \u00e0 Blanes, ville la plus au sud de la Costa Brava <em>(une des 4 provinces de la Catalogne<\/em>). A la descente du bus notre petit train arrive presque aussit\u00f4t pour un voyage en hauteur\u2026 Vues magnifiques sur la ville et sur le port. Terminus devant l\u2019entr\u00e9e du Jardin. Il s\u2019agit d\u2019un des plus beaux jardins de la M\u00e9diterran\u00e9e. D\u00e9j\u00e0, depuis les falaises qui bordent la mer, on y admirera l\u2019une des plus panoramiques vues de la c\u00f4te et\u2026\u00a0 (<em>en aurons nous le temps\u00a0?<\/em>) On pourra conna\u00eetre plus de quatre mille esp\u00e8ces v\u00e9g\u00e9tales, pour la plupart exotiques\u00a0!&#8230; On se contente de parcourir ces all\u00e9es dont les pancartes nous pr\u00e9cisent que nous sommes dans le <em>Mexique,<\/em> <em>Les Antilles, l\u2019Australie\u2026<\/em> Mais on ne se lasse pas de cette c\u00f4te et de ses vues exceptionnelles\u00a0! C\u2019est dommage il fait, encore cet apr\u00e8s-midi, un petit vent frisquet, mais en marchant on se r\u00e9chauffe bien ! Il est cinq heures\u2026 le petit train nous attend, puis retour de Blanes \u00e0 LLoret par le bus et\u2026 nous passons notre derni\u00e8re soir\u00e9e \u00e0 se dire que nous avons bien profit\u00e9 de notre voyage\u00a0!<\/p>\n<p><a href=\"https:\/\/photos.google.com\/share\/AF1QipOzHTuQD3d5qJqP42rUJDlyKKuY-li7YqCBR1gVnD8YU_L4-W0VNq8dOo7wl0FqMw?hl=fr&amp;key=Q0dlZVBkbWYway1hUjdZcXhJcG1Qbk5sUnJQWlhB\"><strong>Voir ici les photos de notre troisi\u00e8me journ\u00e9e \u00e0 Lloret de mar.<\/strong><\/a><\/p>\n<p style=\"text-align: justify;\">Mais\u2026 notre s\u00e9jour\u00a0 n\u2019est pas termin\u00e9\u00a0! Ce matin, shopping pour certains, le mus\u00e9e de la mer pour d\u2019autres, promenade sur la plage aussi. Il fait un temps splendide.<\/p>\n<p style=\"text-align: justify;\">Repas tristounet : on s\u2019habitue bien \u00e0 se laisser bercer par le rythme de ces belles visites, et on resterait bien quelques jours suppl\u00e9mentaires.<\/p>\n<p style=\"text-align: justify;\">Embarquement dans le bus \u00e0 14 h, arr\u00eat \u00e0 la Jonquera pour quelques courses pour notre LOTO de dimanche et retour \u00e0 20 h \u00e0 Beaucaire enchant\u00e9s de cette belle parenth\u00e8se de d\u00e9but d&rsquo;hiver ou ciel bleu et mer calme ont berc\u00e9 notre s\u00e9jour !<\/p>\n<p><a href=\"https:\/\/photos.app.goo.gl\/bl9pbnOUSt4VwVQw2\"><strong>Voir ici les photos de notre fin de s\u00e9jour \u00e0 LLoret de mar.<\/strong><\/a><\/p>\n","protected":false},"excerpt":{"rendered":"","protected":false},"author":1,"featured_media":998,"comment_status":"closed","ping_status":"closed","sticky":false,"template":"","format":"standard","meta":{"footnotes":""},"categories":[6],"tags":[],"class_list":["post-995","post","type-post","status-publish","format-standard","has-post-thumbnail","hentry","category-voyages"],"_links":{"self":[{"href":"https:\/\/culturotheque.fr\/index.php\/wp-json\/wp\/v2\/posts\/995","targetHints":{"allow":["GET"]}}],"collection":[{"href":"https:\/\/culturotheque.fr\/index.php\/wp-json\/wp\/v2\/posts"}],"about":[{"href":"https:\/\/culturotheque.fr\/index.php\/wp-json\/wp\/v2\/types\/post"}],"author":[{"embeddable":true,"href":"https:\/\/culturotheque.fr\/index.php\/wp-json\/wp\/v2\/users\/1"}],"replies":[{"embeddable":true,"href":"https:\/\/culturotheque.fr\/index.php\/wp-json\/wp\/v2\/comments?post=995"}],"version-history":[{"count":6,"href":"https:\/\/culturotheque.fr\/index.php\/wp-json\/wp\/v2\/posts\/995\/revisions"}],"predecessor-version":[{"id":1003,"href":"https:\/\/culturotheque.fr\/index.php\/wp-json\/wp\/v2\/posts\/995\/revisions\/1003"}],"wp:featuredmedia":[{"embeddable":true,"href":"https:\/\/culturotheque.fr\/index.php\/wp-json\/wp\/v2\/media\/998"}],"wp:attachment":[{"href":"https:\/\/culturotheque.fr\/index.php\/wp-json\/wp\/v2\/media?parent=995"}],"wp:term":[{"taxonomy":"category","embeddable":true,"href":"https:\/\/culturotheque.fr\/index.php\/wp-json\/wp\/v2\/categories?post=995"},{"taxonomy":"post_tag","embeddable":true,"href":"https:\/\/culturotheque.fr\/index.php\/wp-json\/wp\/v2\/tags?post=995"}],"curies":[{"name":"wp","href":"https:\/\/api.w.org\/{rel}","templated":true}]}}